{"id":563,"date":"2018-06-16T09:50:32","date_gmt":"2018-06-16T12:50:32","guid":{"rendered":"http:\/\/dgospel.com.br\/portal\/?p=563"},"modified":"2018-06-16T17:25:55","modified_gmt":"2018-06-16T20:25:55","slug":"carlesse-reforca-compromisso-com-a-geracao-de-empregos-e-defende-equilibrio-do-estado","status":"publish","type":"post","link":"https:\/\/dgospel.com.br\/portal\/index.php\/2018\/06\/16\/carlesse-reforca-compromisso-com-a-geracao-de-empregos-e-defende-equilibrio-do-estado\/","title":{"rendered":"Carlesse refor\u00e7a compromisso com a gera\u00e7\u00e3o de empregos e defende equil\u00edbrio do Estado"},"content":{"rendered":"<p class=\"yiv0889903316MsoNormal\">O governador interino e candidato ao governo do Estado na elei\u00e7\u00e3o suplementar Mauro Carlesse, da coliga\u00e7\u00e3o Governo de Atitude, participou na tarde desta sexta-feira, 15, de reuni\u00f5es pol\u00edticas, destacando seus projetos, a\u00e7\u00f5es que vem realizando desde que assumiu o Executivo interinamente e refor\u00e7ando a import\u00e2ncia de sua elei\u00e7\u00e3o para garantia da estabilidade ao Estado. No in\u00edcio da tarde, foi recebido pelos propriet\u00e1rios e funcion\u00e1rios de uma empresa distribuidora do ramo de panifica\u00e7\u00e3o e, posteriormente, pelos arcebispos da Igreja Cat\u00f3lica no Tocantins.<\/p>\n<p class=\"yiv0889903316MsoNormal\">Aos empres\u00e1rios e trabalhadores, Carlesse refor\u00e7ou que sua prioridade \u00e0 frente do Executivo neste mandato tamp\u00e3o ser\u00e1 melhorar a oferta da sa\u00fade, educa\u00e7\u00e3o, seguran\u00e7a p\u00fablica, garantir os direitos dos servidores p\u00fablicos &#8211; cuja atua\u00e7\u00e3o se reflete diretamente sobre os servi\u00e7os ofertados para os cidad\u00e3os \u2013 e oferecer oportunidade ao setor empresarial. \u201cO Tocantins s\u00f3 tem uma sa\u00edda, que \u00e9 dar condi\u00e7\u00f5es aos empres\u00e1rios, n\u00e3o s\u00f3 aos grandes, mas aos pequenos. O Estado tem que dar oportunidade, fazer a parte dele, incentivar a atra\u00e7\u00e3o de investimentos para gerar empregos e dar melhores condi\u00e7\u00f5es de vida a nossas fam\u00edlias. Como empres\u00e1rio, eu entrei na pol\u00edtica com o prop\u00f3sito de trazer equil\u00edbrio ao Tocantins\u201d, friso u.<\/p>\n<p>Atendendo a uma solicita\u00e7\u00e3o do Arcebispo de Palmas, Dom Pedro Brito Guimar\u00e3es, Mauro Carlesse se reuniu com representantes de cinco dioceses: de Palmas, Miracema, Tocantin\u00f3pplis, Cristal\u00e2ndia e Porto Nacional. O encontro, conforme Dom Pedro, teve como prop\u00f3sito apresentar ao governador a situa\u00e7\u00e3o enfrentada pelos tocantinenses nas mais diversas \u00e1reas, tendo em vista o\u00a0contato direto que a igreja tem com as pessoas nos 139 munic\u00edpios do Estado.<\/p>\n<p class=\"yiv0889903316MsoNormal\">&#8220;N\u00f3s conhecemos cada palmo desse ch\u00e3o. Quando a gente percorre o Tocantins, a gente sente as preocupa\u00e7\u00f5es, seja no deslocamento, pela situa\u00e7\u00e3o das estradas; seja o desemprego, o desencanto das pessoas, o elevado n\u00famero de pessoas que n\u00e3o foi \u00e0s urnas, e n\u00f3s estamos preocupados com esta situa\u00e7\u00e3o. Nossa conversa foi o cora\u00e7\u00e3o do pastor se abrindo para o candidato, para que ele tenha consci\u00eancia dos pontos nevr\u00e1lgicos do nosso Estado&#8221;, disse o arcebispo.<\/p>\n<p>A reuni\u00e3o tamb\u00e9m foi uma oportunidade para os religiosos ouvirem as propostas de Carlesse. A conversa, na resid\u00eancia de Dom Pedro Guimar\u00e3es, contou com a presen\u00e7a dos arcebispos Dom Philip Eduard Roger Dickmans (Miracema), Dom Wellington de Queiroz Vieira (Cristal\u00e2ndia), Dom Giovane Pereira de Melo (Tocantin\u00f3polis) e o padre Claudemir, representando a arquidiocese de Porto Nacional.<\/p>\n","protected":false},"excerpt":{"rendered":"<p>O governador interino e candidato ao governo do Estado na elei\u00e7\u00e3o suplementar Mauro Carlesse, da coliga\u00e7\u00e3o Governo de Atitude, participou na tarde desta sexta-feira, 15, de reuni\u00f5es pol\u00edticas, destacando seus projetos, a\u00e7\u00f5es que vem realizando desde que assumiu o Executivo interinamente e refor\u00e7ando a import\u00e2ncia de sua elei\u00e7\u00e3o para garantia da estabilidade ao Estado. No [&hellip;]<\/p>\n","protected":false},"author":2,"featured_media":564,"comment_status":"open","ping_status":"open","sticky":false,"template":"","format":"standard","meta":[],"categories":[2,4],"tags":[],"_links":{"self":[{"href":"https:\/\/dgospel.com.br\/portal\/index.php\/wp-json\/wp\/v2\/posts\/563"}],"collection":[{"href":"https:\/\/dgospel.com.br\/portal\/index.php\/wp-json\/wp\/v2\/posts"}],"about":[{"href":"https:\/\/dgospel.com.br\/portal\/index.php\/wp-json\/wp\/v2\/types\/post"}],"author":[{"embeddable":true,"href":"https:\/\/dgospel.com.br\/portal\/index.php\/wp-json\/wp\/v2\/users\/2"}],"replies":[{"embeddable":true,"href":"https:\/\/dgospel.com.br\/portal\/index.php\/wp-json\/wp\/v2\/comments?post=563"}],"version-history":[{"count":2,"href":"https:\/\/dgospel.com.br\/portal\/index.php\/wp-json\/wp\/v2\/posts\/563\/revisions"}],"predecessor-version":[{"id":569,"href":"https:\/\/dgospel.com.br\/portal\/index.php\/wp-json\/wp\/v2\/posts\/563\/revisions\/569"}],"wp:featuredmedia":[{"embeddable":true,"href":"https:\/\/dgospel.com.br\/portal\/index.php\/wp-json\/wp\/v2\/media\/564"}],"wp:attachment":[{"href":"https:\/\/dgospel.com.br\/portal\/index.php\/wp-json\/wp\/v2\/media?parent=563"}],"wp:term":[{"taxonomy":"category","embeddable":true,"href":"https:\/\/dgospel.com.br\/portal\/index.php\/wp-json\/wp\/v2\/categories?post=563"},{"taxonomy":"post_tag","embeddable":true,"href":"https:\/\/dgospel.com.br\/portal\/index.php\/wp-json\/wp\/v2\/tags?post=563"}],"curies":[{"name":"wp","href":"https:\/\/api.w.org\/{rel}","templated":true}]}}