{"id":5630,"date":"2020-05-07T21:35:58","date_gmt":"2020-05-08T00:35:58","guid":{"rendered":"http:\/\/dgospel.com.br\/portal\/?p=5630"},"modified":"2020-05-07T21:36:54","modified_gmt":"2020-05-08T00:36:54","slug":"construcao-civil-e-industria-se-tornam-atividades-essenciais","status":"publish","type":"post","link":"https:\/\/dgospel.com.br\/portal\/index.php\/2020\/05\/07\/construcao-civil-e-industria-se-tornam-atividades-essenciais\/","title":{"rendered":"Constru\u00e7\u00e3o civil e ind\u00fastria se tornam atividades essenciais"},"content":{"rendered":"\n<p>O presidente Jair Bolsonaro decidiu ampliar as atividades consideradas essenciais no pa\u00eds e acrescentou os setores de constru\u00e7\u00e3o civil e as industriais \u00e0 lista. A amplia\u00e7\u00e3o do decreto foi publicada no Di\u00e1rio Oficial da Uni\u00e3o (DOU) desta quinta-feira (7).<\/p>\n\n\n\n<p>Com a medida, os setores industrial e da constru\u00e7\u00e3o civil podem seguir em opera\u00e7\u00e3o durante a quarenta em raz\u00e3o do novo coronav\u00edrus. No entanto, \u00e9 necess\u00e1rio que que sejam obedecidas as determina\u00e7\u00f5es do Minist\u00e9rio da Sa\u00fade\u201d.<\/p>\n\n\n\n<p>De acordo com o texto, quatro setores foram contemplados: produ\u00e7\u00e3o, transporte e distribui\u00e7\u00e3o de g\u00e1s natural; ind\u00fastrias qu\u00edmicas e petroqu\u00edmicas de mat\u00e9rias-primas ou produtos de sa\u00fade, higiene, alimentos e bebidas; atividades de constru\u00e7\u00e3o civil; e atividades industriais.<\/p>\n\n\n\n<p>O presidente Jair Bolsonaro comentou a medida em sua transmiss\u00e3o ao vivo pelo Facebook desta quinta-feira.<\/p>\n\n\n\n<p>\u2013 Assinamos dois decretos essa semana, incluindo o de atividade essencial voltado \u00e0 constru\u00e7\u00e3o civil e atividades industriais. Ent\u00e3o vamos desafogando a quest\u00e3o do desemprego no Brasil. O que botamos no decreto nosso l\u00e1 atr\u00e1s foram as atividades essenciais, que n\u00e3o podem fechar. E o restante ficou a cargo de prefeitos e governadores. Como do lado de l\u00e1 tem muita profiss\u00e3o que o pessoal foi impedido de trabalhar, come\u00e7amos a abrir para o lado de c\u00e1. Obviamente respeitando as orienta\u00e7\u00f5es do Minist\u00e9rio da Sa\u00fade. Ent\u00e3o em grande parte o pessoal da constru\u00e7\u00e3o j\u00e1 pode voltar ao trabalho normalmente. E s\u00e3o as pessoas mais humildes que precisam \u2013 ressaltou.<\/p>\n\n\n\n<p>Fonte: pleno.news<\/p>\n","protected":false},"excerpt":{"rendered":"<p>O presidente Jair Bolsonaro decidiu ampliar as atividades consideradas essenciais no pa\u00eds e acrescentou os setores de constru\u00e7\u00e3o civil e as industriais \u00e0 lista. A amplia\u00e7\u00e3o do decreto foi publicada no Di\u00e1rio Oficial da Uni\u00e3o (DOU) desta quinta-feira (7). Com a medida, os setores industrial e da constru\u00e7\u00e3o civil podem seguir em opera\u00e7\u00e3o durante a [&hellip;]<\/p>\n","protected":false},"author":2,"featured_media":5631,"comment_status":"open","ping_status":"open","sticky":false,"template":"","format":"standard","meta":[],"categories":[6,4],"tags":[],"_links":{"self":[{"href":"https:\/\/dgospel.com.br\/portal\/index.php\/wp-json\/wp\/v2\/posts\/5630"}],"collection":[{"href":"https:\/\/dgospel.com.br\/portal\/index.php\/wp-json\/wp\/v2\/posts"}],"about":[{"href":"https:\/\/dgospel.com.br\/portal\/index.php\/wp-json\/wp\/v2\/types\/post"}],"author":[{"embeddable":true,"href":"https:\/\/dgospel.com.br\/portal\/index.php\/wp-json\/wp\/v2\/users\/2"}],"replies":[{"embeddable":true,"href":"https:\/\/dgospel.com.br\/portal\/index.php\/wp-json\/wp\/v2\/comments?post=5630"}],"version-history":[{"count":2,"href":"https:\/\/dgospel.com.br\/portal\/index.php\/wp-json\/wp\/v2\/posts\/5630\/revisions"}],"predecessor-version":[{"id":5633,"href":"https:\/\/dgospel.com.br\/portal\/index.php\/wp-json\/wp\/v2\/posts\/5630\/revisions\/5633"}],"wp:featuredmedia":[{"embeddable":true,"href":"https:\/\/dgospel.com.br\/portal\/index.php\/wp-json\/wp\/v2\/media\/5631"}],"wp:attachment":[{"href":"https:\/\/dgospel.com.br\/portal\/index.php\/wp-json\/wp\/v2\/media?parent=5630"}],"wp:term":[{"taxonomy":"category","embeddable":true,"href":"https:\/\/dgospel.com.br\/portal\/index.php\/wp-json\/wp\/v2\/categories?post=5630"},{"taxonomy":"post_tag","embeddable":true,"href":"https:\/\/dgospel.com.br\/portal\/index.php\/wp-json\/wp\/v2\/tags?post=5630"}],"curies":[{"name":"wp","href":"https:\/\/api.w.org\/{rel}","templated":true}]}}