{"id":5637,"date":"2020-05-09T14:02:03","date_gmt":"2020-05-09T17:02:03","guid":{"rendered":"http:\/\/dgospel.com.br\/portal\/?p=5637"},"modified":"2020-05-09T14:03:40","modified_gmt":"2020-05-09T17:03:40","slug":"assembleia-de-deus-ciadseta-em-palmas-divulga-posicionamento-no-enfrentamento-da-covid-19","status":"publish","type":"post","link":"https:\/\/dgospel.com.br\/portal\/index.php\/2020\/05\/09\/assembleia-de-deus-ciadseta-em-palmas-divulga-posicionamento-no-enfrentamento-da-covid-19\/","title":{"rendered":"Assembleia de Deus CIADSETA em Palmas divulga posicionamento no enfrentamento da covid-19"},"content":{"rendered":"\n<figure class=\"wp-block-image\"><img loading=\"lazy\" width=\"960\" height=\"720\" src=\"http:\/\/dgospel.com.br\/portal\/wp-content\/uploads\/2020\/05\/69380365_1075526679319381_6711465838332870656_o-1.jpg\" alt=\"\" class=\"wp-image-5640\" srcset=\"https:\/\/dgospel.com.br\/portal\/wp-content\/uploads\/2020\/05\/69380365_1075526679319381_6711465838332870656_o-1.jpg 960w, https:\/\/dgospel.com.br\/portal\/wp-content\/uploads\/2020\/05\/69380365_1075526679319381_6711465838332870656_o-1-300x225.jpg 300w, https:\/\/dgospel.com.br\/portal\/wp-content\/uploads\/2020\/05\/69380365_1075526679319381_6711465838332870656_o-1-768x576.jpg 768w\" sizes=\"(max-width: 960px) 100vw, 960px\" \/><\/figure>\n\n\n\n<p>A diretoria da Igreja Assembleia de Deus CIADSETA em Palmas\ncentro, presidida pelo pastor Ant\u00f4nio Xavier, reuniu na segunda-feira, dia 04,\npara definir um posicionamento da Igreja no enfrentamento da covid-19.<\/p>\n\n\n\n<p>Na oportunidade foi definido que os cultos e reuni\u00f5es,\nser\u00e3o realizados, atrav\u00e9s das m\u00eddias digitais, como live, reuni\u00f5es por\nvideoconfer\u00eancia, utilizando assim todas as plataformas poss\u00edveis, para evitar\naglomera\u00e7\u00f5es de pessoas seguindo &nbsp;&nbsp;decretos municipais, como tamb\u00e9m as\ndetermina\u00e7\u00f5es dos \u00f3rg\u00e3os de sa\u00fade.<\/p>\n\n\n\n<p>\u201cAssim em resposta a alguns questionamentos, como \u00e0 pr\u00f3pria\nsociedade e autoridades, at\u00e9 segundas delibera\u00e7\u00f5es nos comportaremos dessa\nforma, sendo que em caso urgente de uma eventual reuni\u00e3o, ser\u00e3o evidentemente\nobedecidos a todos os crit\u00e9rios de precau\u00e7\u00e3o e preven\u00e7\u00e3o, inclusive o de n\u00e3o\naglomera\u00e7\u00e3o\u201d, diz uma nota emitida pela diretoria da Igreja.<\/p>\n\n\n\n<p>&nbsp;A diretoria ainda\nexplica, que o mais necess\u00e1rio neste momento \u00e9 a paci\u00eancia e a resili\u00eancia com\nmuita ora\u00e7\u00e3o, para juntos passar por essa crise global e daqui a pouco unidos e\nreunidos, cantar o hino da vit\u00f3ria.<\/p>\n\n\n\n<p><strong>Confira\na nota <\/strong><\/p>\n\n\n\n<p><strong>IGREJA\nEVANG\u00c9LICA ASSEMBLEIA DE DEUS \u2013 CIADSETA ARSE 61, AI 07 PALMAS TOCANTINS FONE\n(63) 3214-1630 NOTA DE ESCLARECIMENTO NOSSA POSI\u00c7\u00c3O COMO IGREJA NO\nENFRENTAMENTO DA COVID-19<\/strong><\/p>\n\n\n\n<p>&nbsp;Em reuni\u00e3o com a\ndiretoria da Igreja, nesta segunda feira dia 04\/05\/2020 e com muito temor a\nDeus e Respeito para com as autoridades competentes e devidamente investidas em\nseus respectivos cargos, bem como em respeito aos nossos membros e congregados,\nal\u00e9m da sociedade de um modo geral, uma vez que a Igreja \u00e9 a maior acolhedora\nde todas as pessoas necessitadas de ajuda espiritual, assim deliberamos: <\/p>\n\n\n\n<p>I \u2013 Que, nossos cultos e reuni\u00f5es, ser\u00e3o realizados,\natrav\u00e9s das m\u00eddias digitais, tais como live, reuni\u00f5es por videoconfer\u00eancia,\nutilizando assim todas as plataformas poss\u00edveis, com isso evitando\naglomera\u00e7\u00f5es, em total observ\u00e2ncia as autoridades por Deus constitu\u00eddas,\nconforme Rm. 13. 1,2, tais como os decretos municipais, bem como as\ndetermina\u00e7\u00f5es dos \u00f3rg\u00e3s de sa\u00fade; <\/p>\n\n\n\n<p>sII \u2013 Assim em resposta a alguns questionamentos, como \u00e0\npr\u00f3pria sociedade e autoridades, at\u00e9 segundas delibera\u00e7\u00f5es nos comportaremos\ndessa forma, sendo que em caso urgente de uma eventual reuni\u00e3o, ser\u00e3o\nevidentemente obedecidos a todos os crit\u00e9rios de precau\u00e7\u00e3o e preven\u00e7\u00e3o,\ninclusive o de n\u00e3o aglomera\u00e7\u00e3o. <\/p>\n\n\n\n<p>III \u2013 Salientando que, o mais necess\u00e1rio neste momento \u00e9 a\npaci\u00eancia e a resili\u00eancia com muita ora\u00e7\u00e3o, para juntos com todos, passarmos\npor essa crise global e daqui a pouco unidos e reunidos, cantarmos o hino da\nvit\u00f3ria. <\/p>\n\n\n\n<p>ATENCIOSAMENTE DIRE\u00c7\u00c3O DA IGREJA ASSEMBLEIA DE DEUS\nCIADSETA PALMAS CENTRO <\/p>\n\n\n\n<p>Pr Ant\u00f4nio Xavier dos Santos Vale \u2013 Pastor Presidente<\/p>\n","protected":false},"excerpt":{"rendered":"<p>A diretoria da Igreja Assembleia de Deus CIADSETA em Palmas centro, presidida pelo pastor Ant\u00f4nio Xavier, reuniu na segunda-feira, dia 04, para definir um posicionamento da Igreja no enfrentamento da covid-19. Na oportunidade foi definido que os cultos e reuni\u00f5es, ser\u00e3o realizados, atrav\u00e9s das m\u00eddias digitais, como live, reuni\u00f5es por videoconfer\u00eancia, utilizando assim todas as [&hellip;]<\/p>\n","protected":false},"author":2,"featured_media":5638,"comment_status":"open","ping_status":"open","sticky":false,"template":"","format":"standard","meta":[],"categories":[3,5],"tags":[],"_links":{"self":[{"href":"https:\/\/dgospel.com.br\/portal\/index.php\/wp-json\/wp\/v2\/posts\/5637"}],"collection":[{"href":"https:\/\/dgospel.com.br\/portal\/index.php\/wp-json\/wp\/v2\/posts"}],"about":[{"href":"https:\/\/dgospel.com.br\/portal\/index.php\/wp-json\/wp\/v2\/types\/post"}],"author":[{"embeddable":true,"href":"https:\/\/dgospel.com.br\/portal\/index.php\/wp-json\/wp\/v2\/users\/2"}],"replies":[{"embeddable":true,"href":"https:\/\/dgospel.com.br\/portal\/index.php\/wp-json\/wp\/v2\/comments?post=5637"}],"version-history":[{"count":2,"href":"https:\/\/dgospel.com.br\/portal\/index.php\/wp-json\/wp\/v2\/posts\/5637\/revisions"}],"predecessor-version":[{"id":5641,"href":"https:\/\/dgospel.com.br\/portal\/index.php\/wp-json\/wp\/v2\/posts\/5637\/revisions\/5641"}],"wp:featuredmedia":[{"embeddable":true,"href":"https:\/\/dgospel.com.br\/portal\/index.php\/wp-json\/wp\/v2\/media\/5638"}],"wp:attachment":[{"href":"https:\/\/dgospel.com.br\/portal\/index.php\/wp-json\/wp\/v2\/media?parent=5637"}],"wp:term":[{"taxonomy":"category","embeddable":true,"href":"https:\/\/dgospel.com.br\/portal\/index.php\/wp-json\/wp\/v2\/categories?post=5637"},{"taxonomy":"post_tag","embeddable":true,"href":"https:\/\/dgospel.com.br\/portal\/index.php\/wp-json\/wp\/v2\/tags?post=5637"}],"curies":[{"name":"wp","href":"https:\/\/api.w.org\/{rel}","templated":true}]}}