{"id":5642,"date":"2020-05-12T09:51:29","date_gmt":"2020-05-12T12:51:29","guid":{"rendered":"http:\/\/dgospel.com.br\/portal\/?p=5642"},"modified":"2020-05-12T09:51:30","modified_gmt":"2020-05-12T12:51:30","slug":"valeixo-bolsonaro-nunca-pediu-acesso-a-investigacoes","status":"publish","type":"post","link":"https:\/\/dgospel.com.br\/portal\/index.php\/2020\/05\/12\/valeixo-bolsonaro-nunca-pediu-acesso-a-investigacoes\/","title":{"rendered":"Valeixo: \u201cBolsonaro nunca pediu acesso a investiga\u00e7\u00f5es\u201d"},"content":{"rendered":"\n<p> Nesta segunda-feira (11), o ex-diretor-geral da Pol\u00edcia Federal (PF), Maur\u00edcio Valeixo, prestou depoimento no inqu\u00e9rito que investiga uma suposta interfer\u00eancia do presidente Jair Bolsonaro no \u00f3rg\u00e3o. Em Curitiba, o delegado afirmou que o presidente resolveu tir\u00e1-lo do cargo por querer algu\u00e9m com mais afinidade e ressaltou que nunca recebeu pedidos do presidente para acesso \u00e0s investiga\u00e7\u00f5es ou a inqu\u00e9ritos sigilosos. A informa\u00e7\u00e3o foi dada pelo jornal O Globo. <\/p>\n\n\n\n<p> De acordo com o ve\u00edculo, Valeixo falou sobre sua sa\u00edda do comando da PF, que motivou o pedido de demiss\u00e3o do ex-ministro da Justi\u00e7a, Sergio Moro, e confirmou que recebeu uma liga\u00e7\u00e3o de Bolsonaro falando sobre a inten\u00e7\u00e3o. <\/p>\n\n\n\n<p>O relato foi o mesmo dada pelo presidente durante um discurso no dia 24 de abril.<\/p>\n\n\n\n<p>\u2013 Quero um delegado, que pode n\u00e3o ser o seu, que pode n\u00e3o ser o meu, mas que eu sinta, al\u00e9m da compet\u00eancia \u00f3bvia, se bem que isso \u00e9 uma coisa comum entre os delegados da Pol\u00edcia Federal, que eu possa interagir com ele (\u2026) Por que n\u00e3o? Eu interajo com os homens de intelig\u00eancia das For\u00e7as Armadas, se preciso for, eu interajo com a Abin [Ag\u00eancia Brasileira de Intelig\u00eancia], interajo com qualquer um do governo \u2013 disse Bolsonaro.<\/p>\n\n\n\n<p>Ainda segundo o jornal, Maur\u00edcio Valeixo disse que n\u00e3o fez nenhuma obje\u00e7\u00e3o ao fato de sua exonera\u00e7\u00e3o constar como \u201ca pedido\u201d.<\/p>\n\n\n\n<p>O depoimento foi dado \u00e0 PF e \u00e0 Procuradoria-Geral da Rep\u00fablica (PGR).<\/p>\n\n\n\n<p>Fonte: pleno.news<\/p>\n","protected":false},"excerpt":{"rendered":"<p>Nesta segunda-feira (11), o ex-diretor-geral da Pol\u00edcia Federal (PF), Maur\u00edcio Valeixo, prestou depoimento no inqu\u00e9rito que investiga uma suposta interfer\u00eancia do presidente Jair Bolsonaro no \u00f3rg\u00e3o. Em Curitiba, o delegado afirmou que o presidente resolveu tir\u00e1-lo do cargo por querer algu\u00e9m com mais afinidade e ressaltou que nunca recebeu pedidos do presidente para acesso \u00e0s [&hellip;]<\/p>\n","protected":false},"author":2,"featured_media":5643,"comment_status":"open","ping_status":"open","sticky":false,"template":"","format":"standard","meta":[],"categories":[6,4],"tags":[],"_links":{"self":[{"href":"https:\/\/dgospel.com.br\/portal\/index.php\/wp-json\/wp\/v2\/posts\/5642"}],"collection":[{"href":"https:\/\/dgospel.com.br\/portal\/index.php\/wp-json\/wp\/v2\/posts"}],"about":[{"href":"https:\/\/dgospel.com.br\/portal\/index.php\/wp-json\/wp\/v2\/types\/post"}],"author":[{"embeddable":true,"href":"https:\/\/dgospel.com.br\/portal\/index.php\/wp-json\/wp\/v2\/users\/2"}],"replies":[{"embeddable":true,"href":"https:\/\/dgospel.com.br\/portal\/index.php\/wp-json\/wp\/v2\/comments?post=5642"}],"version-history":[{"count":1,"href":"https:\/\/dgospel.com.br\/portal\/index.php\/wp-json\/wp\/v2\/posts\/5642\/revisions"}],"predecessor-version":[{"id":5644,"href":"https:\/\/dgospel.com.br\/portal\/index.php\/wp-json\/wp\/v2\/posts\/5642\/revisions\/5644"}],"wp:featuredmedia":[{"embeddable":true,"href":"https:\/\/dgospel.com.br\/portal\/index.php\/wp-json\/wp\/v2\/media\/5643"}],"wp:attachment":[{"href":"https:\/\/dgospel.com.br\/portal\/index.php\/wp-json\/wp\/v2\/media?parent=5642"}],"wp:term":[{"taxonomy":"category","embeddable":true,"href":"https:\/\/dgospel.com.br\/portal\/index.php\/wp-json\/wp\/v2\/categories?post=5642"},{"taxonomy":"post_tag","embeddable":true,"href":"https:\/\/dgospel.com.br\/portal\/index.php\/wp-json\/wp\/v2\/tags?post=5642"}],"curies":[{"name":"wp","href":"https:\/\/api.w.org\/{rel}","templated":true}]}}