{"id":5645,"date":"2020-05-12T10:03:09","date_gmt":"2020-05-12T13:03:09","guid":{"rendered":"http:\/\/dgospel.com.br\/portal\/?p=5645"},"modified":"2020-05-12T10:03:11","modified_gmt":"2020-05-12T13:03:11","slug":"zambelli-detona-moro-por-fazer-picuinhas-no-governo","status":"publish","type":"post","link":"https:\/\/dgospel.com.br\/portal\/index.php\/2020\/05\/12\/zambelli-detona-moro-por-fazer-picuinhas-no-governo\/","title":{"rendered":"Zambelli detona Moro por fazer \u201cpicuinhas\u201d no governo"},"content":{"rendered":"\n<p> A deputada federal Carla Zambelli afirmou, em entrevista \u00e0 revista Marie Claire, que o ex-ministro da Justi\u00e7a Sergio Moro \u201cteria sa\u00eddo muito maior se n\u00e3o tivesse feito tanta picuinha\u201d. A parlamentar tamb\u00e9m disse que, desde o in\u00edcio, ficou n\u00edtida a falta de entrosamento entre Jair Bolsonaro e o ex-juiz federal. <\/p>\n\n\n\n<ul><li><\/li><li><\/li><\/ul>\n\n\n\n<h2>Gabriela Doria &#8211;&nbsp;11\/05\/2020&nbsp;15h53 | atualizado em 11\/05\/2020 16h03<\/h2>\n\n\n\n<figure class=\"wp-block-image\"><img src=\"https:\/\/static.cdn.pleno.news\/2020\/05\/1588951456_5eb579a029af1-1024x544.jpeg\" alt=\"\" class=\"wp-image-514346\"\/><figcaption>Carla Zambelli revela m\u00e1goa com atitude de Sergio Moro&nbsp;Foto: Reprodu\u00e7\u00e3o<\/figcaption><\/figure>\n\n\n\n<figure><iframe><\/iframe><\/figure>\n\n\n\n<p>A deputada federal Carla Zambelli afirmou, em entrevista \u00e0 revista Marie Claire, que o ex-ministro da Justi\u00e7a Sergio Moro \u201cteria sa\u00eddo muito maior se n\u00e3o tivesse feito tanta picuinha\u201d. A parlamentar tamb\u00e9m disse que, desde o in\u00edcio, ficou n\u00edtida a falta de entrosamento entre Jair Bolsonaro e o ex-juiz federal.PUBLICIDADE<\/p>\n\n\n\n\n\n<p>\u2013 A gente tem impress\u00e3o que n\u00e3o deu liga entre eles, que n\u00e3o se deram bem. Eu mesma achei que era uma simples falta de afinidade. Mas \u00e9 uma incompatibilidade completa. Moro teria sa\u00eddo muito maior se n\u00e3o tivesse feito tanta picuinha \u2013 apontou.<\/p>\n\n\n\n<p>J\u00e1 sobre a rela\u00e7\u00e3o dela com o ex-ministro, Zambelli diz que nutria \u201cadmira\u00e7\u00e3o\u201d por Moro, que chegou a ser padrinho de casamento da deputada com o coronel Ant\u00f4nio Aginaldo de Oliveira, diretor da For\u00e7a Nacional de Seguran\u00e7a P\u00fablica.<\/p>\n\n\n\n<p>\u2013 Eu tinha admira\u00e7\u00e3o por ele, lealdade e carinho. [\u2026] Nunca imaginei que aquele jeito formal dele seria falta de amizade. Penso que ningu\u00e9m faz aquele discurso do casamento, ainda mais de forma carinhosa, se n\u00e3o admirar a pessoa. Ou ele tinha o m\u00ednimo de admira\u00e7\u00e3o por mim ou \u00e9 muito falso \u2013 avaliou.<\/p>\n\n\n\n<p>Na vis\u00e3o da deputada, Sergio Moro tentou arranjar uma \u201cdesculpa\u201d para deixar o governo. Ela afirma que o nome de Alexandre Ramagem para a dire\u00e7\u00e3o-geral da Pol\u00edcia Federal, o estopim para a sa\u00edda de Moro, tinha sido consenso entre os ministros e at\u00e9 do pr\u00f3prio Maur\u00edcio Valeixo, ent\u00e3o chefe da PF.<\/p>\n\n\n\n<p>\u2013 Conversei com o ministro [da Secretaria de Governo, Luiz Eduardo] Ramos; rapidamente com o [ministro da Educa\u00e7\u00e3o, Abraham] Weintraub, ouvi o [ministro da Casa Civil, Walter] Braga Neto e o pr\u00f3prio [Maur\u00edcio] Valeixo, que disse, \u201cde todos os nomes colocados na mesa, acho o [de Alexandre Ramagem] o melhor\u201d. Inclusive, Valeixo disse que se disp\u00f4s para o presidente e para Moro a fazer a transi\u00e7\u00e3o. Ent\u00e3o, hoje, juntando as pe\u00e7as, a impress\u00e3o que me d\u00e1 \u00e9 a de que Moro acabou usando de uma desculpa para poder sair do governo. \u201cS\u00f3 fico se o Valeixo ficar.\u201d Mas ele pr\u00f3prio sabia que era algo que n\u00e3o ia acontecer \u2013 relembrou.<\/p>\n","protected":false},"excerpt":{"rendered":"<p>A deputada federal Carla Zambelli afirmou, em entrevista \u00e0 revista Marie Claire, que o ex-ministro da Justi\u00e7a Sergio Moro \u201cteria sa\u00eddo muito maior se n\u00e3o tivesse feito tanta picuinha\u201d. A parlamentar tamb\u00e9m disse que, desde o in\u00edcio, ficou n\u00edtida a falta de entrosamento entre Jair Bolsonaro e o ex-juiz federal. Gabriela Doria &#8211;&nbsp;11\/05\/2020&nbsp;15h53 | atualizado [&hellip;]<\/p>\n","protected":false},"author":2,"featured_media":5646,"comment_status":"open","ping_status":"open","sticky":false,"template":"","format":"standard","meta":[],"categories":[6,4],"tags":[],"_links":{"self":[{"href":"https:\/\/dgospel.com.br\/portal\/index.php\/wp-json\/wp\/v2\/posts\/5645"}],"collection":[{"href":"https:\/\/dgospel.com.br\/portal\/index.php\/wp-json\/wp\/v2\/posts"}],"about":[{"href":"https:\/\/dgospel.com.br\/portal\/index.php\/wp-json\/wp\/v2\/types\/post"}],"author":[{"embeddable":true,"href":"https:\/\/dgospel.com.br\/portal\/index.php\/wp-json\/wp\/v2\/users\/2"}],"replies":[{"embeddable":true,"href":"https:\/\/dgospel.com.br\/portal\/index.php\/wp-json\/wp\/v2\/comments?post=5645"}],"version-history":[{"count":1,"href":"https:\/\/dgospel.com.br\/portal\/index.php\/wp-json\/wp\/v2\/posts\/5645\/revisions"}],"predecessor-version":[{"id":5647,"href":"https:\/\/dgospel.com.br\/portal\/index.php\/wp-json\/wp\/v2\/posts\/5645\/revisions\/5647"}],"wp:featuredmedia":[{"embeddable":true,"href":"https:\/\/dgospel.com.br\/portal\/index.php\/wp-json\/wp\/v2\/media\/5646"}],"wp:attachment":[{"href":"https:\/\/dgospel.com.br\/portal\/index.php\/wp-json\/wp\/v2\/media?parent=5645"}],"wp:term":[{"taxonomy":"category","embeddable":true,"href":"https:\/\/dgospel.com.br\/portal\/index.php\/wp-json\/wp\/v2\/categories?post=5645"},{"taxonomy":"post_tag","embeddable":true,"href":"https:\/\/dgospel.com.br\/portal\/index.php\/wp-json\/wp\/v2\/tags?post=5645"}],"curies":[{"name":"wp","href":"https:\/\/api.w.org\/{rel}","templated":true}]}}