{"id":5652,"date":"2020-05-13T12:53:28","date_gmt":"2020-05-13T15:53:28","guid":{"rendered":"http:\/\/dgospel.com.br\/portal\/?p=5652"},"modified":"2020-05-13T12:53:29","modified_gmt":"2020-05-13T15:53:29","slug":"decreto-de-lockdown-em-pernambuco-viola-a-liberdade-religiosa","status":"publish","type":"post","link":"https:\/\/dgospel.com.br\/portal\/index.php\/2020\/05\/13\/decreto-de-lockdown-em-pernambuco-viola-a-liberdade-religiosa\/","title":{"rendered":"Decreto de Lockdown em Pernambuco viola a liberdade religiosa"},"content":{"rendered":"\n<p>\n\nTendo em vista o Decreto do Governador do Estado, publicado hoje (12), que institui o Lockdown em decorr\u00eancia da COVID-19, no \u00e2mbito do Observat\u00f3rio ANAJURE das Liberdades Civis Fundamentais, informamos que a ANAJURE est\u00e1 reunida com parlamentares e l\u00edderes religiosos de Pernambuco, discutindo medidas a serem adotadas.<\/p>\n\n\n\n<p>Nesta amanh\u00e3, a ANAJURE &#8211; Pernambuco e o l\u00edder da Bancada Evang\u00e9lica no Estado, Deputado Cleiton Collins, estar\u00e3o apresentando sugest\u00e3o ao Governador Paulo C\u00e2mara a fim de que o deslocamento de l\u00edderes religiosos para transmiss\u00e3o de cultos a partir de seus templos, sem aglomera\u00e7\u00e3o de pessoas, seja admitido no novo decreto. A ANAJURE argumenta que, da forma como est\u00e1 no Decreto 49.017\/2020, h\u00e1 viola\u00e7\u00e3o da liberdade religiosa.<\/p>\n\n\n\n<p>A ANAJURE tamb\u00e9m entende que a situa\u00e7\u00e3o da sa\u00fade p\u00fablica e privada em Pernambuco \u00e9 de extrema gravidade &#8211; e por isso mesmo &#8211; concorda com as medidas tomadas pelo Poder P\u00fablico &#8211; para este momento -, mas ressaltamos que as liberdades civis fundamentais n\u00e3o podem ser mitigadas ao arrepio da Constitui\u00e7\u00e3o Federal e das demais leis vigentes no pa\u00eds.<\/p>\n\n\n\n<p>Ainda hoje traremos maiores informa\u00e7\u00f5es sobre este tema no Observat\u00f3rio das Liberdades Civis Fundamentais da ANAJURE. <\/p>\n\n\n\n<p>Fonte:  ANAJURE <\/p>\n","protected":false},"excerpt":{"rendered":"<p>Tendo em vista o Decreto do Governador do Estado, publicado hoje (12), que institui o Lockdown em decorr\u00eancia da COVID-19, no \u00e2mbito do Observat\u00f3rio ANAJURE das Liberdades Civis Fundamentais, informamos que a ANAJURE est\u00e1 reunida com parlamentares e l\u00edderes religiosos de Pernambuco, discutindo medidas a serem adotadas. Nesta amanh\u00e3, a ANAJURE &#8211; Pernambuco e o [&hellip;]<\/p>\n","protected":false},"author":2,"featured_media":5653,"comment_status":"open","ping_status":"open","sticky":false,"template":"","format":"standard","meta":[],"categories":[5,6],"tags":[],"_links":{"self":[{"href":"https:\/\/dgospel.com.br\/portal\/index.php\/wp-json\/wp\/v2\/posts\/5652"}],"collection":[{"href":"https:\/\/dgospel.com.br\/portal\/index.php\/wp-json\/wp\/v2\/posts"}],"about":[{"href":"https:\/\/dgospel.com.br\/portal\/index.php\/wp-json\/wp\/v2\/types\/post"}],"author":[{"embeddable":true,"href":"https:\/\/dgospel.com.br\/portal\/index.php\/wp-json\/wp\/v2\/users\/2"}],"replies":[{"embeddable":true,"href":"https:\/\/dgospel.com.br\/portal\/index.php\/wp-json\/wp\/v2\/comments?post=5652"}],"version-history":[{"count":1,"href":"https:\/\/dgospel.com.br\/portal\/index.php\/wp-json\/wp\/v2\/posts\/5652\/revisions"}],"predecessor-version":[{"id":5654,"href":"https:\/\/dgospel.com.br\/portal\/index.php\/wp-json\/wp\/v2\/posts\/5652\/revisions\/5654"}],"wp:featuredmedia":[{"embeddable":true,"href":"https:\/\/dgospel.com.br\/portal\/index.php\/wp-json\/wp\/v2\/media\/5653"}],"wp:attachment":[{"href":"https:\/\/dgospel.com.br\/portal\/index.php\/wp-json\/wp\/v2\/media?parent=5652"}],"wp:term":[{"taxonomy":"category","embeddable":true,"href":"https:\/\/dgospel.com.br\/portal\/index.php\/wp-json\/wp\/v2\/categories?post=5652"},{"taxonomy":"post_tag","embeddable":true,"href":"https:\/\/dgospel.com.br\/portal\/index.php\/wp-json\/wp\/v2\/tags?post=5652"}],"curies":[{"name":"wp","href":"https:\/\/api.w.org\/{rel}","templated":true}]}}