{"id":5655,"date":"2020-05-13T12:57:32","date_gmt":"2020-05-13T15:57:32","guid":{"rendered":"http:\/\/dgospel.com.br\/portal\/?p=5655"},"modified":"2020-05-13T12:57:34","modified_gmt":"2020-05-13T15:57:34","slug":"senado-aprova-maior-protecao-a-profissionais-expostos-a-covid-19","status":"publish","type":"post","link":"https:\/\/dgospel.com.br\/portal\/index.php\/2020\/05\/13\/senado-aprova-maior-protecao-a-profissionais-expostos-a-covid-19\/","title":{"rendered":"Senado aprova maior prote\u00e7\u00e3o a profissionais expostos \u00e0 covid-19"},"content":{"rendered":"\n<p>O Senado aprovou nesta ter\u00e7a-feira (12) um projeto de lei (PL) que determina a ado\u00e7\u00e3o de medidas de prote\u00e7\u00e3o aos profissionais que s\u00e3o expostos a pessoas doentes ou suspeitas de contamina\u00e7\u00e3o pelo novo coronav\u00edrus. Dentre essas medidas, est\u00e3o o fornecimento de&nbsp;<a href=\"https:\/\/agenciabrasil.ebc.com.br\/economia\/noticia\/2020-05\/governo-comprara-r-691-mi-em-epi-para-policiais-e-agentes-de-prisoes\" target=\"_blank\" rel=\"noreferrer noopener\">equipamentos de prote\u00e7\u00e3o individual (EPI)<\/a>&nbsp;e a prioridade na realiza\u00e7\u00e3o de testes de diagn\u00f3stico de covid-19. Por ter havido altera\u00e7\u00f5es da relatora, a senadora Zenaide Maia (Pros-RN), o projeto volta \u00e0 C\u00e2mara para an\u00e1lise.<\/p>\n\n\n\n<p>\u201c\u00c9 fato que a pandemia causada pelo novo coronav\u00edrus vem expondo a riscos significativos de contra\u00edram a doen\u00e7a e evolu\u00edrem de forma letal os profissionais que atuam em contato com pessoas com covid-19, sobretudo m\u00e9dicos e enfermeiros\u201d, disse Zenaide em seu relat\u00f3rio.<\/p>\n\n\n\n<p>A relatora incluiu uma s\u00e9rie de profiss\u00f5es no PL, acatando emendas de colegas. Dessa forma, o substitutivo aprovado no Senado traz, entre outros, m\u00e9dicos, enfermeiros, fisioterapeutas, psic\u00f3logos, assistentes sociais, policiais, agentes penitenci\u00e1rios, bombeiros, agentes comunit\u00e1rios de sa\u00fade, veterin\u00e1rios e profissionais de limpeza entre os que ter\u00e3o direito garantido a EPI e prioridade em testes.<\/p>\n\n\n\n<p><strong>Fies e suspens\u00e3o do SPC e Serasa<\/strong><\/p>\n\n\n\n<p>Outros dois projetos foram aprovados hoje pelos senadores. Um deles, o PL 675\/2020, que suspende a inscri\u00e7\u00e3o de informa\u00e7\u00f5es negativas de consumidores em cadastros como o Servi\u00e7o de Prote\u00e7\u00e3o ao Cr\u00e9dito (SPC) e Serasa. Como foi alterado, o projeto retorna \u00e0 C\u00e2mara, casa de origem, para nova aprecia\u00e7\u00e3o.<\/p>\n\n\n\n<p>\u201cNesse momento da pandemia tem muita gente que n\u00e3o consegue um real emprestado porque n\u00e3o tem cr\u00e9dito, porque est\u00e1 inadimplente. \u00c9 para dar oportunidade, que ele possa sentar na mesa de negocia\u00e7\u00e3o e potencialmente abrir um cr\u00e9dito, pagar o que deve e tentar uma nova opera\u00e7\u00e3o de cr\u00e9dito para se inserir no mercado como consumidor\u201d, disse a relatora, senadora Rose de Freitas (Podemos-ES).<\/p>\n\n\n\n<p>Outro projeto aprovado foi o PL 1.079\/2020. Esse projeto suspende temporariamente os d\u00e9bitos dos estudantes benefici\u00e1rios do Fundo de Financiamento Estudantil (Fies) at\u00e9 o t\u00e9rmino do estado de calamidade p\u00fablica, em 31 de dezembro. O texto, relatado no Senado por D\u00e1rio Berger (MDB-SC), tamb\u00e9m voltar\u00e1 \u00e0 C\u00e2mara dos Deputados.<\/p>\n\n\n\n<p>O Fies \u00e9 o programa de financiamento estudantil para cursos superiores particulares. O financiamento pode ser a juros zero para estudantes com renda familiar de at\u00e9 tr\u00eas sal\u00e1rios m\u00ednimos ou com taxas mais baixas para fam\u00edlias renda de at\u00e9 cinco sal\u00e1rios m\u00ednimos.<\/p>\n\n\n\n<p><strong>Fonte: Ag\u00eancia Brasil<\/strong><\/p>\n","protected":false},"excerpt":{"rendered":"<p>O Senado aprovou nesta ter\u00e7a-feira (12) um projeto de lei (PL) que determina a ado\u00e7\u00e3o de medidas de prote\u00e7\u00e3o aos profissionais que s\u00e3o expostos a pessoas doentes ou suspeitas de contamina\u00e7\u00e3o pelo novo coronav\u00edrus. Dentre essas medidas, est\u00e3o o fornecimento de&nbsp;equipamentos de prote\u00e7\u00e3o individual (EPI)&nbsp;e a prioridade na realiza\u00e7\u00e3o de testes de diagn\u00f3stico de covid-19. [&hellip;]<\/p>\n","protected":false},"author":2,"featured_media":5656,"comment_status":"open","ping_status":"open","sticky":false,"template":"","format":"standard","meta":[],"categories":[6,4],"tags":[],"_links":{"self":[{"href":"https:\/\/dgospel.com.br\/portal\/index.php\/wp-json\/wp\/v2\/posts\/5655"}],"collection":[{"href":"https:\/\/dgospel.com.br\/portal\/index.php\/wp-json\/wp\/v2\/posts"}],"about":[{"href":"https:\/\/dgospel.com.br\/portal\/index.php\/wp-json\/wp\/v2\/types\/post"}],"author":[{"embeddable":true,"href":"https:\/\/dgospel.com.br\/portal\/index.php\/wp-json\/wp\/v2\/users\/2"}],"replies":[{"embeddable":true,"href":"https:\/\/dgospel.com.br\/portal\/index.php\/wp-json\/wp\/v2\/comments?post=5655"}],"version-history":[{"count":1,"href":"https:\/\/dgospel.com.br\/portal\/index.php\/wp-json\/wp\/v2\/posts\/5655\/revisions"}],"predecessor-version":[{"id":5657,"href":"https:\/\/dgospel.com.br\/portal\/index.php\/wp-json\/wp\/v2\/posts\/5655\/revisions\/5657"}],"wp:featuredmedia":[{"embeddable":true,"href":"https:\/\/dgospel.com.br\/portal\/index.php\/wp-json\/wp\/v2\/media\/5656"}],"wp:attachment":[{"href":"https:\/\/dgospel.com.br\/portal\/index.php\/wp-json\/wp\/v2\/media?parent=5655"}],"wp:term":[{"taxonomy":"category","embeddable":true,"href":"https:\/\/dgospel.com.br\/portal\/index.php\/wp-json\/wp\/v2\/categories?post=5655"},{"taxonomy":"post_tag","embeddable":true,"href":"https:\/\/dgospel.com.br\/portal\/index.php\/wp-json\/wp\/v2\/tags?post=5655"}],"curies":[{"name":"wp","href":"https:\/\/api.w.org\/{rel}","templated":true}]}}