{"id":5658,"date":"2020-05-13T13:00:11","date_gmt":"2020-05-13T16:00:11","guid":{"rendered":"http:\/\/dgospel.com.br\/portal\/?p=5658"},"modified":"2020-05-13T13:00:12","modified_gmt":"2020-05-13T16:00:12","slug":"carlesse-espera-novas-oportunidades-de-negocios-e-investimentos-na-agrotins-100-digital","status":"publish","type":"post","link":"https:\/\/dgospel.com.br\/portal\/index.php\/2020\/05\/13\/carlesse-espera-novas-oportunidades-de-negocios-e-investimentos-na-agrotins-100-digital\/","title":{"rendered":"Carlesse espera novas oportunidades de neg\u00f3cios e investimentos na Agrotins 100% Digital"},"content":{"rendered":"\n<p>Em tempos de pandemia do novo Coronav\u00edrus, a preocupa\u00e7\u00e3o do Governo do Tocantins se d\u00e1 n\u00e3o s\u00f3 com a sa\u00fade, mas tamb\u00e9m com a economia tocantinense cujo carro-chefe \u00e9 o agroneg\u00f3cio que n\u00e3o parou e segue a todo vapor. Pensando nisso, o governador Mauro Carlesse lan\u00e7ou, via redes sociais, nesta ter\u00e7a-feira, 12, a edi\u00e7\u00e3o digital da Feira Agrotecnol\u00f3gica do Tocantins (Agrotins 2020), que visa propiciar boas oportunidades de neg\u00f3cios e conhecimento aos produtores. O evento ocorrer\u00e1 nos dias 27, 28 e 29 de maio, na plataforma www.agrotins.to.gov.br, com programa\u00e7\u00e3o ao vivo das 8 \u00e0s 18 horas, sendo que o conte\u00fado ficar\u00e1 dispon\u00edvel por 30 dias ap\u00f3s o t\u00e9rmino das atividades.<\/p>\n\n\n\n<p>Durante a live de lan\u00e7amento da Feira, o governador Mauro Carlesse destacou o car\u00e1ter in\u00e9dito do evento, afirmando que ele poder\u00e1 servir de modelo para os demais estados que cancelaram\/suspenderam suas feiras agropecu\u00e1rias em virtude da pandemia. \u201cPor causa do novo&nbsp;Coronav\u00edrus, entramos numa fase de grande dificuldade. Essa quest\u00e3o nos fez discutir de que forma poder\u00edamos realizar a Agrotins deste ano, j\u00e1 que ela \u00e9 muito importante para o agroneg\u00f3cio do Estado. Ent\u00e3o, decidimos usar a tecnologia a nosso favor. \u00c9 uma inova\u00e7\u00e3o, estamos realizando a primeira feira agro totalmente digital do pa\u00eds\u201d, ressaltou.<\/p>\n\n\n\n<p>\u201cO agroneg\u00f3cio tocantinense \u00e9 forte, n\u00e3o parou e segue sendo um setor essencial para garantir a alimenta\u00e7\u00e3o na mesa das fam\u00edlias neste per\u00edodo de pandemia. Vamos mostrar que aqui \u00e9 o lugar de se investir. V\u00e1rias empresas e institui\u00e7\u00f5es financeiras estar\u00e3o participando e oferecendo boas oportunidades de neg\u00f3cios, assim como o Estado tamb\u00e9m estar\u00e1 com os seus incentivos fiscais para que nenhum produtor deixe de comprar e melhorar sua produ\u00e7\u00e3o\u201d, complementou o governador Mauro Carlesse.<\/p>\n\n\n\n<p><strong>Parcerias<\/strong><\/p>\n\n\n\n<p>O secret\u00e1rio de Estado da Agricultura, Pecu\u00e1ria e Aquicultura do Tocantins, C\u00e9sar Halum, destacou que a plataforma na qual o evento estar\u00e1 on-line \u00e9 de f\u00e1cil acesso e que o tema central continua sendo&nbsp;<em>Cerrado Sustent\u00e1vel<\/em>. \u201c\u00c9 tudo muito novo, tanto para n\u00f3s quanto para os produtores, e \u00e9 importante destacar que a Agrotins 100% virtual ser\u00e1 realizada somente com m\u00e3o de obra tocantinense, como \u00e9 o caso das nossas equipes de Tecnologia da Informa\u00e7\u00e3o e Inova\u00e7\u00e3o. Um projeto desse tamanho, exige muitas pessoas, por isso, agradecemos todos os parceiros, dos servidores aos demais \u00f3rg\u00e3os p\u00fablicos, institui\u00e7\u00f5es financeiras, Embrapa, Sebrae, sindicatos e entidades classistas\u201d, destacou.<\/p>\n\n\n\n<p>O secret\u00e1rio C\u00e9sar Halum afirmou ainda que o produtor, ao adquirir um maquin\u00e1rio, por exemplo, ter\u00e1 a sua disposi\u00e7\u00e3o n\u00e3o s\u00f3 a empresa fornecedora como tamb\u00e9m as institui\u00e7\u00f5es financeiras p\u00fablicas, privadas e cooperadas com taxas especiais para facilitar a compra.<\/p>\n\n\n\n<p><strong>Movimenta\u00e7\u00e3o financeira<\/strong><\/p>\n\n\n\n<p>Em 2019, a Agrotins gerou mais de R$ 2 bilh\u00f5es em neg\u00f3cios, e a expectativa para 2020 \u00e9 de R$ 5 bilh\u00f5es. \u201cEu sou bem precavido para n\u00e3o gerar falsas expectativas, mas n\u00f3s entendemos que o momento \u00e9 apropriado para que haja um aumento no volume de neg\u00f3cios e eu quero acompanhar o pensamento do Governador de atingirmos a casa dos R$ 5 bilh\u00f5es em neg\u00f3cios. Mas, o mais importante \u00e9 que a nossa feira \u00e9 agrotecnol\u00f3gica, os nossos produtores investem muito em pesquisa e ci\u00eancia e \u00e9 esse n\u00edvel de tecnifica\u00e7\u00e3o que nos permite bater recordes de produtividade\u201d, afirmou o secret\u00e1rio C\u00e9sar Halum.<\/p>\n\n\n\n<p>Al\u00e9m de oportunidade de neg\u00f3cios, os visitantes virtuais poder\u00e3o assistir palestras, semin\u00e1rios, workshops, dias de campo, com direito a certificado de participa\u00e7\u00e3o. \u201cTeremos ainda um grande leil\u00e3o virtual com a parceria da ABCZ [Associa\u00e7\u00e3o Brasileira de Criadores de Zebu], onde todos os animais dispon\u00edveis s\u00e3o de criadores tocantinenses, mostrando a qualidade do nosso rebanho\u201c, concluiu o titular da Seagro.<\/p>\n\n\n\n<p>Toda a programa\u00e7\u00e3o j\u00e1 pode ser conferida no site&nbsp;<a href=\"http:\/\/www.agrotins.to.gov.br\/\">http:\/\/www.agrotins.to.gov.br<\/a>.<\/p>\n","protected":false},"excerpt":{"rendered":"<p>Em tempos de pandemia do novo Coronav\u00edrus, a preocupa\u00e7\u00e3o do Governo do Tocantins se d\u00e1 n\u00e3o s\u00f3 com a sa\u00fade, mas tamb\u00e9m com a economia tocantinense cujo carro-chefe \u00e9 o agroneg\u00f3cio que n\u00e3o parou e segue a todo vapor. Pensando nisso, o governador Mauro Carlesse lan\u00e7ou, via redes sociais, nesta ter\u00e7a-feira, 12, a edi\u00e7\u00e3o digital [&hellip;]<\/p>\n","protected":false},"author":2,"featured_media":5659,"comment_status":"open","ping_status":"open","sticky":false,"template":"","format":"standard","meta":[],"categories":[3],"tags":[],"_links":{"self":[{"href":"https:\/\/dgospel.com.br\/portal\/index.php\/wp-json\/wp\/v2\/posts\/5658"}],"collection":[{"href":"https:\/\/dgospel.com.br\/portal\/index.php\/wp-json\/wp\/v2\/posts"}],"about":[{"href":"https:\/\/dgospel.com.br\/portal\/index.php\/wp-json\/wp\/v2\/types\/post"}],"author":[{"embeddable":true,"href":"https:\/\/dgospel.com.br\/portal\/index.php\/wp-json\/wp\/v2\/users\/2"}],"replies":[{"embeddable":true,"href":"https:\/\/dgospel.com.br\/portal\/index.php\/wp-json\/wp\/v2\/comments?post=5658"}],"version-history":[{"count":1,"href":"https:\/\/dgospel.com.br\/portal\/index.php\/wp-json\/wp\/v2\/posts\/5658\/revisions"}],"predecessor-version":[{"id":5660,"href":"https:\/\/dgospel.com.br\/portal\/index.php\/wp-json\/wp\/v2\/posts\/5658\/revisions\/5660"}],"wp:featuredmedia":[{"embeddable":true,"href":"https:\/\/dgospel.com.br\/portal\/index.php\/wp-json\/wp\/v2\/media\/5659"}],"wp:attachment":[{"href":"https:\/\/dgospel.com.br\/portal\/index.php\/wp-json\/wp\/v2\/media?parent=5658"}],"wp:term":[{"taxonomy":"category","embeddable":true,"href":"https:\/\/dgospel.com.br\/portal\/index.php\/wp-json\/wp\/v2\/categories?post=5658"},{"taxonomy":"post_tag","embeddable":true,"href":"https:\/\/dgospel.com.br\/portal\/index.php\/wp-json\/wp\/v2\/tags?post=5658"}],"curies":[{"name":"wp","href":"https:\/\/api.w.org\/{rel}","templated":true}]}}