{"id":566,"date":"2018-06-16T17:20:54","date_gmt":"2018-06-16T20:20:54","guid":{"rendered":"http:\/\/dgospel.com.br\/portal\/?p=566"},"modified":"2018-06-16T17:24:50","modified_gmt":"2018-06-16T20:24:50","slug":"em-rio-sono-wanderlei-barbosa-destaca-resgate-da-dignidade-dos-tocantinenses-na-gestao-carlesse","status":"publish","type":"post","link":"https:\/\/dgospel.com.br\/portal\/index.php\/2018\/06\/16\/em-rio-sono-wanderlei-barbosa-destaca-resgate-da-dignidade-dos-tocantinenses-na-gestao-carlesse\/","title":{"rendered":"Em Rio Sono, Wanderlei Barbosa destaca \u201cresgate da dignidade\u201d dos tocantinenses na gest\u00e3o Carlesse"},"content":{"rendered":"<p class=\"yiv5947458816MsoNormal\">O candidato a vice-governador pela coliga\u00e7\u00e3o\u00a0<b>Governo de Atitude<\/b>, Wanderlei Barbosa, afirmou na noite desta sexta-feira, 15, que a gest\u00e3o do governador interino e candidato ao Governo do Estado, Mauro Carlesse, est\u00e1 resgatando a dignidade dos servidores p\u00fablicos do Estado e de todos os tocantinenses.<\/p>\n<p class=\"yiv5947458816MsoNormal\">Em uma reuni\u00e3o pol\u00edtica com vereadores, ex-vereadores e l\u00edderes pol\u00edticos, Wanderlei destacou a compet\u00eancia e o carisma do governador. \u201cO povo entendeu que o Carlesse n\u00e3o \u00e9 apenas uma novidade, mas \u00e9 uma novidade boa. Ele conseguiu isso com as a\u00e7\u00f5es de Governo em diversas \u00e1reas e com sua mensagem de otimismo\u201d, disse.<\/p>\n<p class=\"yiv5947458816MsoNormal\">Para Wanderlei, Carlesse \u00e9 um l\u00edder diferente, que n\u00e3o persegue advers\u00e1rios e que \u00e9 sens\u00edvel \u00e0s quest\u00f5es sociais. \u201cEssa preocupa\u00e7\u00e3o j\u00e1 havia sido demonstrada quando presidia a Assembleia. Ele abriu as portas daquela Casa de Leis para todos, como agora abriu as portas do Pal\u00e1cio Araguaia para prefeitos, vereadores, lideran\u00e7as e para a popula\u00e7\u00e3o em geral\u201d, exemplificou, acrescentando que isso incomoda a \u201cvelha pol\u00edtica\u201d.<\/p>\n<p class=\"yiv5947458816MsoNormal\">Tamb\u00e9m presente na reuni\u00e3o, o deputado estadual Cleiton Cardoso enfatizou a capacidade de gest\u00e3o de Carlesse, que tem conseguido fazer mais do \u201cmuitos por a\u00ed\u201d, com os mesmos recursos. \u201cCom o or\u00e7amento limitado ele est\u00e1 pagando em dia os servidores, negociando e pagando fornecedores, o Plansa\u00fade, o Igeprev, e ainda tem conseguido recuperar nossas rodovias\u201d.<\/p>\n<p class=\"yiv5947458816MsoNormal\">J\u00e1 o presidente da C\u00e2mara Municipal de Rio Sono, Jonilson Castro (MDB), explicou os motivos que levaram ele e outros quatro vereadores da cidade a apoiarem Carlesse nestas elei\u00e7\u00f5es suplementares. \u201cDepois de estudarmos o que \u00e9 melhor para Rio Sono e para o Tocantins, entendemos que \u00e9 Carlesse e Wanderlei Barbosa. O Carlesse ainda n\u00e3o teve tempo de construir grandes obras, mas j\u00e1 fez muito em poucos dias, e n\u00e3o fez mais porque a oposi\u00e7\u00e3o n\u00e3o deixou, bloqueando os recursos para os munic\u00edpios\u201d, lamentou.<\/p>\n","protected":false},"excerpt":{"rendered":"<p>O candidato a vice-governador pela coliga\u00e7\u00e3o\u00a0Governo de Atitude, Wanderlei Barbosa, afirmou na noite desta sexta-feira, 15, que a gest\u00e3o do governador interino e candidato ao Governo do Estado, Mauro Carlesse, est\u00e1 resgatando a dignidade dos servidores p\u00fablicos do Estado e de todos os tocantinenses. Em uma reuni\u00e3o pol\u00edtica com vereadores, ex-vereadores e l\u00edderes pol\u00edticos, Wanderlei [&hellip;]<\/p>\n","protected":false},"author":2,"featured_media":567,"comment_status":"open","ping_status":"open","sticky":false,"template":"","format":"standard","meta":[],"categories":[2,4],"tags":[],"_links":{"self":[{"href":"https:\/\/dgospel.com.br\/portal\/index.php\/wp-json\/wp\/v2\/posts\/566"}],"collection":[{"href":"https:\/\/dgospel.com.br\/portal\/index.php\/wp-json\/wp\/v2\/posts"}],"about":[{"href":"https:\/\/dgospel.com.br\/portal\/index.php\/wp-json\/wp\/v2\/types\/post"}],"author":[{"embeddable":true,"href":"https:\/\/dgospel.com.br\/portal\/index.php\/wp-json\/wp\/v2\/users\/2"}],"replies":[{"embeddable":true,"href":"https:\/\/dgospel.com.br\/portal\/index.php\/wp-json\/wp\/v2\/comments?post=566"}],"version-history":[{"count":1,"href":"https:\/\/dgospel.com.br\/portal\/index.php\/wp-json\/wp\/v2\/posts\/566\/revisions"}],"predecessor-version":[{"id":568,"href":"https:\/\/dgospel.com.br\/portal\/index.php\/wp-json\/wp\/v2\/posts\/566\/revisions\/568"}],"wp:featuredmedia":[{"embeddable":true,"href":"https:\/\/dgospel.com.br\/portal\/index.php\/wp-json\/wp\/v2\/media\/567"}],"wp:attachment":[{"href":"https:\/\/dgospel.com.br\/portal\/index.php\/wp-json\/wp\/v2\/media?parent=566"}],"wp:term":[{"taxonomy":"category","embeddable":true,"href":"https:\/\/dgospel.com.br\/portal\/index.php\/wp-json\/wp\/v2\/categories?post=566"},{"taxonomy":"post_tag","embeddable":true,"href":"https:\/\/dgospel.com.br\/portal\/index.php\/wp-json\/wp\/v2\/tags?post=566"}],"curies":[{"name":"wp","href":"https:\/\/api.w.org\/{rel}","templated":true}]}}