{"id":5670,"date":"2020-05-13T13:36:36","date_gmt":"2020-05-13T16:36:36","guid":{"rendered":"http:\/\/dgospel.com.br\/portal\/?p=5670"},"modified":"2020-05-13T13:39:32","modified_gmt":"2020-05-13T16:39:32","slug":"vereador-quer-tornar-atividade-religiosa-essencial-em-palmas","status":"publish","type":"post","link":"https:\/\/dgospel.com.br\/portal\/index.php\/2020\/05\/13\/vereador-quer-tornar-atividade-religiosa-essencial-em-palmas\/","title":{"rendered":"Vereador quer tornar atividade religiosa essencial em Palmas"},"content":{"rendered":"\n<h4><img loading=\"lazy\" width=\"1200\" height=\"746\" class=\"wp-image-5666\" style=\"width: 150px;\" src=\"http:\/\/dgospel.com.br\/portal\/wp-content\/uploads\/2020\/05\/GErsonAlvesnova1200.jpg\" alt=\"\" srcset=\"https:\/\/dgospel.com.br\/portal\/wp-content\/uploads\/2020\/05\/GErsonAlvesnova1200.jpg 1200w, https:\/\/dgospel.com.br\/portal\/wp-content\/uploads\/2020\/05\/GErsonAlvesnova1200-300x187.jpg 300w, https:\/\/dgospel.com.br\/portal\/wp-content\/uploads\/2020\/05\/GErsonAlvesnova1200-768x477.jpg 768w, https:\/\/dgospel.com.br\/portal\/wp-content\/uploads\/2020\/05\/GErsonAlvesnova1200-1024x637.jpg 1024w\" sizes=\"(max-width: 1200px) 100vw, 1200px\" \/><\/h4>\n\n\n\n<h5>O vereador Gerson Alves (PSL) apresentou nessa ter\u00e7a-feira, 12,\nprojeto de lei na C\u00e2mara que reconhece a atividade religiosa como essencial\npara a popula\u00e7\u00e3o de Palmas em tempos de crises ocasionadas por mol\u00e9stias\ncontagiosas ou cat\u00e1strofes naturais. A estrat\u00e9gia \u00e9 contornar a proibi\u00e7\u00e3o da\nrealiza\u00e7\u00e3o de cultos, missas e atividades religiosas presenciais prevista pelos\ndecretos da prefeita Cinthia Ribeiro (PSDB).<\/h5>\n\n\n\n<p>O projeto \u00e9 apresentada\ndias depois de Minist\u00e9rios P\u00fablicos Estadual, Federal e do Trabalho emitirem\nrecomenda\u00e7\u00e3o para que os l\u00edderes religiosos n\u00e3o realizassem cultos e atividades\npresenciais para evitar aglomera\u00e7\u00e3o e o consequente avan\u00e7o da doen\u00e7a. No dia 3,\nalguns pastores afrontaram os decretos municipais e realizaram cultos.<\/p>\n\n\n\n<p>Na justificativa, o\nvereador defende que a atividade religiosa \u00e9 garantida pela Constitui\u00e7\u00e3o\nFederal e \u00e9 essencial. \u201cPois como sabemos, a f\u00e9 exerce papel fundamental como\nfator de equil\u00edbrio psicoemocional do ser humano. Sua fun\u00e7\u00e3o indiscutivelmente\ntem papel relevante no atendimento e promo\u00e7\u00e3o da dignidade da pessoa humana,\nprinc\u00edpio de direito fundamental do ser humano\u201d, afirma Alves.<\/p>\n\n\n\n<p>Para ele, \u201co\nreconhecimento da atividade religiosa como essencial tem como base os tratados\ninternacionais ratificados pelo Brasil, bem como por nossa Constitui\u00e7\u00e3o\nFederal\u201d.<\/p>\n","protected":false},"excerpt":{"rendered":"<p>O vereador Gerson Alves (PSL) apresentou nessa ter\u00e7a-feira, 12, projeto de lei na C\u00e2mara que reconhece a atividade religiosa como essencial para a popula\u00e7\u00e3o de Palmas em tempos de crises ocasionadas por mol\u00e9stias contagiosas ou cat\u00e1strofes naturais. A estrat\u00e9gia \u00e9 contornar a proibi\u00e7\u00e3o da realiza\u00e7\u00e3o de cultos, missas e atividades religiosas presenciais prevista pelos decretos [&hellip;]<\/p>\n","protected":false},"author":2,"featured_media":5666,"comment_status":"open","ping_status":"open","sticky":false,"template":"","format":"standard","meta":[],"categories":[8,4],"tags":[],"_links":{"self":[{"href":"https:\/\/dgospel.com.br\/portal\/index.php\/wp-json\/wp\/v2\/posts\/5670"}],"collection":[{"href":"https:\/\/dgospel.com.br\/portal\/index.php\/wp-json\/wp\/v2\/posts"}],"about":[{"href":"https:\/\/dgospel.com.br\/portal\/index.php\/wp-json\/wp\/v2\/types\/post"}],"author":[{"embeddable":true,"href":"https:\/\/dgospel.com.br\/portal\/index.php\/wp-json\/wp\/v2\/users\/2"}],"replies":[{"embeddable":true,"href":"https:\/\/dgospel.com.br\/portal\/index.php\/wp-json\/wp\/v2\/comments?post=5670"}],"version-history":[{"count":3,"href":"https:\/\/dgospel.com.br\/portal\/index.php\/wp-json\/wp\/v2\/posts\/5670\/revisions"}],"predecessor-version":[{"id":5673,"href":"https:\/\/dgospel.com.br\/portal\/index.php\/wp-json\/wp\/v2\/posts\/5670\/revisions\/5673"}],"wp:featuredmedia":[{"embeddable":true,"href":"https:\/\/dgospel.com.br\/portal\/index.php\/wp-json\/wp\/v2\/media\/5666"}],"wp:attachment":[{"href":"https:\/\/dgospel.com.br\/portal\/index.php\/wp-json\/wp\/v2\/media?parent=5670"}],"wp:term":[{"taxonomy":"category","embeddable":true,"href":"https:\/\/dgospel.com.br\/portal\/index.php\/wp-json\/wp\/v2\/categories?post=5670"},{"taxonomy":"post_tag","embeddable":true,"href":"https:\/\/dgospel.com.br\/portal\/index.php\/wp-json\/wp\/v2\/tags?post=5670"}],"curies":[{"name":"wp","href":"https:\/\/api.w.org\/{rel}","templated":true}]}}