{"id":5680,"date":"2020-05-14T10:44:06","date_gmt":"2020-05-14T13:44:06","guid":{"rendered":"http:\/\/dgospel.com.br\/portal\/?p=5680"},"modified":"2020-05-14T10:44:08","modified_gmt":"2020-05-14T13:44:08","slug":"justica-permite-que-bolsonaro-use-tv-publica-para-oracoes","status":"publish","type":"post","link":"https:\/\/dgospel.com.br\/portal\/index.php\/2020\/05\/14\/justica-permite-que-bolsonaro-use-tv-publica-para-oracoes\/","title":{"rendered":"Justi\u00e7a permite que Bolsonaro use TV p\u00fablica para ora\u00e7\u00f5es"},"content":{"rendered":"\n<p> Uma decis\u00e3o do juiz federal Waldemar de Carvalho, do Tribunal Regional Federal da 1\u00aa Regi\u00e3o (TRF-1), rejeitou um pedido feito pela Associa\u00e7\u00e3o Brasileira de Ateus e Agn\u00f3sticos (Atea) que tentava proibir o presidente Jair Bolsonaro de usar os canais p\u00fablicos de comunica\u00e7\u00e3o e imprensa para transmitir momentos de ora\u00e7\u00e3o, culto ou similares. <\/p>\n\n\n\n<p> A a\u00e7\u00e3o protocolada pela associa\u00e7\u00e3o de ateus foi realizada ap\u00f3s o presidente fazer a transmiss\u00e3o de uma live de P\u00e1scoa na TV Brasil, no dia 12 de abril, com a presen\u00e7a de diversos pastores, entre eles o deputado Marco Feliciano e Silas Malafaia. O juiz, por\u00e9m, decidiu n\u00e3o atender ao pedido afirmando que a nega\u00e7\u00e3o de Deus n\u00e3o impede a manifesta\u00e7\u00e3o da cren\u00e7a por outras pessoas. <\/p>\n\n\n\n<p>\u2013 O princ\u00edpio da laicidade exige a separa\u00e7\u00e3o entre religi\u00e3o e Estado. N\u00e3o requer a nega\u00e7\u00e3o ou indiferen\u00e7a ao Deus criador ou mesmo impede a manifesta\u00e7\u00e3o em Sua cren\u00e7a por quem quer que seja, inclusive o Presidente da Rep\u00fablica \u2013 afirmou Waldemar.<\/p>\n\n\n\n<p>A live, que durou cerca de duas horas, contou com diversos momentos de ora\u00e7\u00e3o, louvor atrav\u00e9s da m\u00fasica de artistas gospel, e tamb\u00e9m com palavras sobre o significado da P\u00e1scoa dadas por l\u00edderes de diversos segmentos crist\u00e3os. Na pr\u00f3pria senten\u00e7a, o magistrado concordou que as mensagens da transmiss\u00e3o eram de paz para um momento de pandemia.<\/p>\n\n\n\n<p>\u2013 [O objetivo do v\u00eddeo era] levar uma mensagem de paz, harmonia e esperan\u00e7a de um mundo melhor ao povo brasileiro nesse momento de pandemia \u2013 destacou.<\/p>\n\n\n\n<p>Em nota, a Advocacia-Geral da Uni\u00e3o (AGU) se reservou a responder apenas que \u201ca Justi\u00e7a indeferiu o pedido de liminar\u201d.<\/p>\n\n\n\n<p>Fonte: pleno.news<\/p>\n","protected":false},"excerpt":{"rendered":"<p>Uma decis\u00e3o do juiz federal Waldemar de Carvalho, do Tribunal Regional Federal da 1\u00aa Regi\u00e3o (TRF-1), rejeitou um pedido feito pela Associa\u00e7\u00e3o Brasileira de Ateus e Agn\u00f3sticos (Atea) que tentava proibir o presidente Jair Bolsonaro de usar os canais p\u00fablicos de comunica\u00e7\u00e3o e imprensa para transmitir momentos de ora\u00e7\u00e3o, culto ou similares. A a\u00e7\u00e3o protocolada [&hellip;]<\/p>\n","protected":false},"author":2,"featured_media":5681,"comment_status":"open","ping_status":"open","sticky":false,"template":"","format":"standard","meta":[],"categories":[6,4],"tags":[],"_links":{"self":[{"href":"https:\/\/dgospel.com.br\/portal\/index.php\/wp-json\/wp\/v2\/posts\/5680"}],"collection":[{"href":"https:\/\/dgospel.com.br\/portal\/index.php\/wp-json\/wp\/v2\/posts"}],"about":[{"href":"https:\/\/dgospel.com.br\/portal\/index.php\/wp-json\/wp\/v2\/types\/post"}],"author":[{"embeddable":true,"href":"https:\/\/dgospel.com.br\/portal\/index.php\/wp-json\/wp\/v2\/users\/2"}],"replies":[{"embeddable":true,"href":"https:\/\/dgospel.com.br\/portal\/index.php\/wp-json\/wp\/v2\/comments?post=5680"}],"version-history":[{"count":1,"href":"https:\/\/dgospel.com.br\/portal\/index.php\/wp-json\/wp\/v2\/posts\/5680\/revisions"}],"predecessor-version":[{"id":5682,"href":"https:\/\/dgospel.com.br\/portal\/index.php\/wp-json\/wp\/v2\/posts\/5680\/revisions\/5682"}],"wp:featuredmedia":[{"embeddable":true,"href":"https:\/\/dgospel.com.br\/portal\/index.php\/wp-json\/wp\/v2\/media\/5681"}],"wp:attachment":[{"href":"https:\/\/dgospel.com.br\/portal\/index.php\/wp-json\/wp\/v2\/media?parent=5680"}],"wp:term":[{"taxonomy":"category","embeddable":true,"href":"https:\/\/dgospel.com.br\/portal\/index.php\/wp-json\/wp\/v2\/categories?post=5680"},{"taxonomy":"post_tag","embeddable":true,"href":"https:\/\/dgospel.com.br\/portal\/index.php\/wp-json\/wp\/v2\/tags?post=5680"}],"curies":[{"name":"wp","href":"https:\/\/api.w.org\/{rel}","templated":true}]}}