{"id":5689,"date":"2020-05-15T12:38:46","date_gmt":"2020-05-15T15:38:46","guid":{"rendered":"http:\/\/dgospel.com.br\/portal\/?p=5689"},"modified":"2020-05-15T12:38:48","modified_gmt":"2020-05-15T15:38:48","slug":"nelson-teich-pede-demissao-e-deixa-o-ministerio-da-saude","status":"publish","type":"post","link":"https:\/\/dgospel.com.br\/portal\/index.php\/2020\/05\/15\/nelson-teich-pede-demissao-e-deixa-o-ministerio-da-saude\/","title":{"rendered":"Nelson Teich pede demiss\u00e3o e deixa o Minist\u00e9rio da Sa\u00fade"},"content":{"rendered":"\n<p> Com menos de um m\u00eas \u00e0 frente do Minist\u00e9rio da Sa\u00fade, Nelson Teich pediu demiss\u00e3o do cargo nesta sexta-feira (15).\u00a0<a href=\"https:\/\/pleno.news\/brasil\/politica-nacional\/nelson-teich-e-empossado-como-novo-ministro-da-saude.html\">Teich assumiu o lugar de Luiz Henrique Mandetta no dia 17 de abril<\/a>. O secret\u00e1rio-executivo Eduardo Pazuello \u00e9 o mais contado para ser seu substituto. <\/p>\n\n\n\n<p> \u2013 \u00c9 o dia mais triste da minha vida. N\u00e3o vou manchar minha hist\u00f3ria por causa da cloroquina \u2013 declarou. <\/p>\n\n\n\n<p>O atual ex-ministro se reuniu com o presidente Jair Bolsonaro no Pal\u00e1cio do Planalto pela manh\u00e3. Ap\u00f3s a reuni\u00e3o, que durou menos de 15 minutos, ele voltou para o pr\u00e9dio do Minist\u00e9rio da Sa\u00fade. A demiss\u00e3o foi anunciada logo depois.<\/p>\n\n\n\n<p>Uma coletiva de imprensa est\u00e1 marcada para esta tarde onde a exonera\u00e7\u00e3o de Nelson Teich ser\u00e1 esclarecida. Na hora em que ele anunciou a sa\u00edda, o presidente Bolsonaro participava do lan\u00e7amento de uma campanha de conscientiza\u00e7\u00e3o contra a viol\u00eancia dom\u00e9stica feita pelo Minist\u00e9rio da Mulher, da Fam\u00edlia e dos Direitos Humanos. Bolsonaro estava acompanhado pela primeira-dama Michelle Bolsonaro e os ministros Onyx Lorenzoni e Damares Alves.<\/p>\n","protected":false},"excerpt":{"rendered":"<p>Com menos de um m\u00eas \u00e0 frente do Minist\u00e9rio da Sa\u00fade, Nelson Teich pediu demiss\u00e3o do cargo nesta sexta-feira (15).\u00a0Teich assumiu o lugar de Luiz Henrique Mandetta no dia 17 de abril. O secret\u00e1rio-executivo Eduardo Pazuello \u00e9 o mais contado para ser seu substituto. \u2013 \u00c9 o dia mais triste da minha vida. N\u00e3o vou [&hellip;]<\/p>\n","protected":false},"author":2,"featured_media":5690,"comment_status":"open","ping_status":"open","sticky":false,"template":"","format":"standard","meta":[],"categories":[6,4],"tags":[],"_links":{"self":[{"href":"https:\/\/dgospel.com.br\/portal\/index.php\/wp-json\/wp\/v2\/posts\/5689"}],"collection":[{"href":"https:\/\/dgospel.com.br\/portal\/index.php\/wp-json\/wp\/v2\/posts"}],"about":[{"href":"https:\/\/dgospel.com.br\/portal\/index.php\/wp-json\/wp\/v2\/types\/post"}],"author":[{"embeddable":true,"href":"https:\/\/dgospel.com.br\/portal\/index.php\/wp-json\/wp\/v2\/users\/2"}],"replies":[{"embeddable":true,"href":"https:\/\/dgospel.com.br\/portal\/index.php\/wp-json\/wp\/v2\/comments?post=5689"}],"version-history":[{"count":1,"href":"https:\/\/dgospel.com.br\/portal\/index.php\/wp-json\/wp\/v2\/posts\/5689\/revisions"}],"predecessor-version":[{"id":5691,"href":"https:\/\/dgospel.com.br\/portal\/index.php\/wp-json\/wp\/v2\/posts\/5689\/revisions\/5691"}],"wp:featuredmedia":[{"embeddable":true,"href":"https:\/\/dgospel.com.br\/portal\/index.php\/wp-json\/wp\/v2\/media\/5690"}],"wp:attachment":[{"href":"https:\/\/dgospel.com.br\/portal\/index.php\/wp-json\/wp\/v2\/media?parent=5689"}],"wp:term":[{"taxonomy":"category","embeddable":true,"href":"https:\/\/dgospel.com.br\/portal\/index.php\/wp-json\/wp\/v2\/categories?post=5689"},{"taxonomy":"post_tag","embeddable":true,"href":"https:\/\/dgospel.com.br\/portal\/index.php\/wp-json\/wp\/v2\/tags?post=5689"}],"curies":[{"name":"wp","href":"https:\/\/api.w.org\/{rel}","templated":true}]}}