{"id":57,"date":"2018-05-10T09:30:20","date_gmt":"2018-05-10T12:30:20","guid":{"rendered":"http:\/\/dgospel.com.br\/portal\/?p=57"},"modified":"2018-05-10T09:30:20","modified_gmt":"2018-05-10T12:30:20","slug":"anao-marquinhos-da-tv-record-vira-missionario-estou-indo-na-igreja-levar-a-palavra-de-deus","status":"publish","type":"post","link":"https:\/\/dgospel.com.br\/portal\/index.php\/2018\/05\/10\/anao-marquinhos-da-tv-record-vira-missionario-estou-indo-na-igreja-levar-a-palavra-de-deus\/","title":{"rendered":"An\u00e3o Marquinhos da TV Record vira mission\u00e1rio: \u201cEstou indo na igreja levar a palavra de Deus\u201d"},"content":{"rendered":"<p>Sempre que personalidades da TV aparecem pregando o evangelho de Jesus Cristo nas igrejas ou mesmo em outros lugares, logo chamam aten\u00e7\u00e3o do p\u00fablico, tanto para cr\u00edticas como para elogios. N\u00e3o est\u00e1 sendo diferente com Marcos Batista dos Santos, mais conhecido como o \u201cAn\u00e3o Marquinhos\u201d, ex-assistente de palco de Geraldo Luiz no programa \u201cDomingo Show\u201d, transmitido pela TV Record.<\/p>\n<p style=\"font-style: inherit; font-weight: inherit;\">A \u00faltima apari\u00e7\u00e3o do humorista An\u00e3o Marquinhos na TV foi em 4 de fevereiro desse ano, quando o programa ainda era transmitido ao vivo e em est\u00fadio. Como o formato da atra\u00e7\u00e3o aos domingos foi modificado, Marquinhos deixou de atuar.<\/p>\n<p style=\"font-style: inherit; font-weight: inherit;\">Agora com mais tempo livre, ele est\u00e1 viajando o Brasil ao lado da sua esposa, Juliana Alves, que tamb\u00e9m possui nanismo, para ministrar em v\u00e1rias igrejas da Assembleia de Deus. O An\u00e3o Marquinhos, no entanto, disse que essa pr\u00e1tica n\u00e3o \u00e9 recente:<\/p>\n<p style=\"font-style: inherit; font-weight: inherit;\">\u201cSempre fiz isso, e desde 2011 eu j\u00e1 praticava isso. Mas quando eu entrei na TV, eu me dedicava mais \u00e0 TV. E quando eu tinha um ou dois dias de descanso, eu aproveitava para levar a palavra de Deus. Sempre ministrei. E agora eu estou indo bastante\u201d, disse.<\/p>\n<p style=\"font-style: inherit; font-weight: inherit;\">A explica\u00e7\u00e3o de Marquinhos rebate algumas cr\u00edticas que o humorista t\u00eam recebido dos f\u00e3s atrav\u00e9s das redes sociais. Alguns insinuaram que pela falta de trabalho, o assistente de palco estaria \u201croubando\u201d dinheiro dos fi\u00e9is nas igrejas:<\/p>\n<p style=\"font-style: inherit; font-weight: inherit;\">\u201cTem umas pessoas em rede social que fica falando que eu sa\u00ed da Record e que estou ganhando dinheiro como pastor, roubando dinheiro da igreja e enganando os trouxas. Mas n\u00e3o \u00e9 isso, eu estou levando a minha mensagem de f\u00e9 para as pessoas necessitadas e ajudando aqueles que precisam\u201d, disse ele.<\/p>\n<p style=\"font-style: inherit; font-weight: inherit;\">O An\u00e3o Marquinhos tamb\u00e9m explicou que ministrar o evangelho \u201cn\u00e3o \u00e9 um trabalho\u201d. Ele disse que apesar de n\u00e3o receber sal\u00e1rio algum para pregar, \u201cquando voc\u00ea planta uma boa semente, voc\u00ea \u00e9 aben\u00e7oado\u201d, referindo-se \u00e0s consequ\u00eancias da sua atua\u00e7\u00e3o. \u201cSe estou indo na igreja levar a Palavra de Deus, estou semeando o bem\u201d, frisou.<\/p>\n<p style=\"font-style: inherit; font-weight: inherit;\">\u201cAs pessoas me ofertam, vou no mercado, compro cesta b\u00e1sica e vou doar nas comunidades\u201d, explica. \u201cInclusive agora, na P\u00e1scoa, fui numa igreja, pedi uma oferta, e o dinheiro que peguei fui no mercado e comprei um monte de ovos de P\u00e1scoa e sa\u00ed doando para as crian\u00e7as\u201d.<\/p>\n<p style=\"font-style: inherit; font-weight: inherit;\">Marquinhos destacou que n\u00e3o precisa divulgar o que faz de bom com os recursos das ofertas que recebe. Ao fazer doa\u00e7\u00f5es para comunidades carentes, ele disse que n\u00e3o divulga e por isso apenas Deus sabe realmente suas verdadeiras inten\u00e7\u00f5es:<\/p>\n<p style=\"font-style: inherit; font-weight: inherit;\">\u201cIsso [doa\u00e7\u00f5es dos ovos de p\u00e1scoa] eu n\u00e3o postei nas redes sociais, n\u00e3o comentei com ningu\u00e9m. Enquanto muitos criticam, dizem que estou roubando, eu n\u00e3o estou! Quem conhece o meu cora\u00e7\u00e3o \u00e9 Deus\u201d, finaliza.<\/p>\n<p>Fonte:\u00a0gospelmais<\/p>\n","protected":false},"excerpt":{"rendered":"<p>Sempre que personalidades da TV aparecem pregando o evangelho de Jesus Cristo nas igrejas ou mesmo em outros lugares, logo chamam aten\u00e7\u00e3o do p\u00fablico, tanto para cr\u00edticas como para elogios. N\u00e3o est\u00e1 sendo diferente com Marcos Batista dos Santos, mais conhecido como o \u201cAn\u00e3o Marquinhos\u201d, ex-assistente de palco de Geraldo Luiz no programa \u201cDomingo Show\u201d, [&hellip;]<\/p>\n","protected":false},"author":2,"featured_media":58,"comment_status":"open","ping_status":"open","sticky":false,"template":"","format":"standard","meta":[],"categories":[2,5],"tags":[],"_links":{"self":[{"href":"https:\/\/dgospel.com.br\/portal\/index.php\/wp-json\/wp\/v2\/posts\/57"}],"collection":[{"href":"https:\/\/dgospel.com.br\/portal\/index.php\/wp-json\/wp\/v2\/posts"}],"about":[{"href":"https:\/\/dgospel.com.br\/portal\/index.php\/wp-json\/wp\/v2\/types\/post"}],"author":[{"embeddable":true,"href":"https:\/\/dgospel.com.br\/portal\/index.php\/wp-json\/wp\/v2\/users\/2"}],"replies":[{"embeddable":true,"href":"https:\/\/dgospel.com.br\/portal\/index.php\/wp-json\/wp\/v2\/comments?post=57"}],"version-history":[{"count":1,"href":"https:\/\/dgospel.com.br\/portal\/index.php\/wp-json\/wp\/v2\/posts\/57\/revisions"}],"predecessor-version":[{"id":59,"href":"https:\/\/dgospel.com.br\/portal\/index.php\/wp-json\/wp\/v2\/posts\/57\/revisions\/59"}],"wp:featuredmedia":[{"embeddable":true,"href":"https:\/\/dgospel.com.br\/portal\/index.php\/wp-json\/wp\/v2\/media\/58"}],"wp:attachment":[{"href":"https:\/\/dgospel.com.br\/portal\/index.php\/wp-json\/wp\/v2\/media?parent=57"}],"wp:term":[{"taxonomy":"category","embeddable":true,"href":"https:\/\/dgospel.com.br\/portal\/index.php\/wp-json\/wp\/v2\/categories?post=57"},{"taxonomy":"post_tag","embeddable":true,"href":"https:\/\/dgospel.com.br\/portal\/index.php\/wp-json\/wp\/v2\/tags?post=57"}],"curies":[{"name":"wp","href":"https:\/\/api.w.org\/{rel}","templated":true}]}}