{"id":570,"date":"2018-06-16T17:48:18","date_gmt":"2018-06-16T20:48:18","guid":{"rendered":"http:\/\/dgospel.com.br\/portal\/?p=570"},"modified":"2018-06-16T17:48:18","modified_gmt":"2018-06-16T20:48:18","slug":"governo-do-estado-anuncia-repasse-de-r-21-milhoes-de-maio-ao-igeprev-e-amortizacao-de-r-58-milhoes-dos-atrasados","status":"publish","type":"post","link":"https:\/\/dgospel.com.br\/portal\/index.php\/2018\/06\/16\/governo-do-estado-anuncia-repasse-de-r-21-milhoes-de-maio-ao-igeprev-e-amortizacao-de-r-58-milhoes-dos-atrasados\/","title":{"rendered":"Governo do estado anuncia repasse de R$ 21 milh\u00f5es de maio ao Igeprev e amortiza\u00e7\u00e3o de R$ 58 milh\u00f5es dos atrasados"},"content":{"rendered":"<p>A Secretaria Estadual da Fazenda (Sefaz) anunciou nesta sexta-feira, 15, que repassou ao Instituto de Gest\u00e3o Previdenci\u00e1ria (Igeprev), os valores referentes ao m\u00eas de maio, de R$ 21 milh\u00f5es, e que ainda amortizou R$ 58 milh\u00f5es dos repasses anteriores pendentes de regulariza\u00e7\u00e3o. \u201cAp\u00f3s um longo per\u00edodo de atrasos nos repasses financeiros\u201d, comemorou a Sefaz na nota.<\/p>\n<p>A pasta disse que \u201capenas cumpriu a miss\u00e3o institucional, que norteia\u201d suas a\u00e7\u00f5es e que \u201cos esfor\u00e7os n\u00e3o cessar\u00e3o at\u00e9 que todos os repasses encontrem-se regularizados\u201d.<\/p>\n<p>Conforme o Tribunal de Contas do Estado do Tocantins (TCE-TO), o governo do Estado deixou de repassar R$ 456.309.104,71 na gest\u00e3o Marcelo Miranda (MDB), de setembro a dezembro de 2017, d\u00e9cimo terceiro do ano passado, e janeiro, fevereiro e mar\u00e7o de 2018. O\u00a0<a href=\"https:\/\/clebertoledo.com.br\/politica\/tce-vai-apurar-em-tomada-de-contas-debito-de-r-450-milhoes-do-governo-com-igeprev\/\"><strong>TCE aprovou no dia 8 requerimento<\/strong><\/a>\u00a0do conselheiro Jos\u00e9 Wagner Praxedes que solicita a abertura de tomada de contas especial para apurar e identificar os respons\u00e1veis pela falta de repasse.<\/p>\n<p>Confira a seguir a \u00edntegra da nota da Sefaz:<\/p>\n<p>\u201cA Secretaria de Estado da Fazenda (Sefaz) comunica, aos servidores p\u00fablicos do Estado do Tocantins, ativos, pensionistas e aposentados, bem como \u00e0 sociedade em geral que, ap\u00f3s um longo per\u00edodo de atrasos nos repasses financeiros ao Instituto de Gest\u00e3o Previdenci\u00e1ria (Igeprev), oriundos da reten\u00e7\u00e3o consignada na folha de pagamento do servidor, a Sefaz repassou, em tempo, os valores referentes ao m\u00eas de maio de 2018, no valor de R$ 21 milh\u00f5es e ainda amortizou R$ 58 milh\u00f5es nos repasses anteriores pendentes de regulariza\u00e7\u00e3o.<\/p>\n<p>Complementa ainda que apenas cumpriu a miss\u00e3o institucional, que norteia as a\u00e7\u00f5es da pasta e que os esfor\u00e7os n\u00e3o cessar\u00e3o at\u00e9 que todos os repasses encontrem-se regularizados.<\/p>\n<p>Palmas, 15 de junho de 2018\u201d.<\/p>\n<p>&nbsp;<\/p>\n<p>Com informa\u00e7\u00e3o do\u00a0clebertoledo<\/p>\n<p>&nbsp;<\/p>\n","protected":false},"excerpt":{"rendered":"<p>A Secretaria Estadual da Fazenda (Sefaz) anunciou nesta sexta-feira, 15, que repassou ao Instituto de Gest\u00e3o Previdenci\u00e1ria (Igeprev), os valores referentes ao m\u00eas de maio, de R$ 21 milh\u00f5es, e que ainda amortizou R$ 58 milh\u00f5es dos repasses anteriores pendentes de regulariza\u00e7\u00e3o. \u201cAp\u00f3s um longo per\u00edodo de atrasos nos repasses financeiros\u201d, comemorou a Sefaz na [&hellip;]<\/p>\n","protected":false},"author":2,"featured_media":571,"comment_status":"open","ping_status":"open","sticky":false,"template":"","format":"standard","meta":[],"categories":[2,3],"tags":[],"_links":{"self":[{"href":"https:\/\/dgospel.com.br\/portal\/index.php\/wp-json\/wp\/v2\/posts\/570"}],"collection":[{"href":"https:\/\/dgospel.com.br\/portal\/index.php\/wp-json\/wp\/v2\/posts"}],"about":[{"href":"https:\/\/dgospel.com.br\/portal\/index.php\/wp-json\/wp\/v2\/types\/post"}],"author":[{"embeddable":true,"href":"https:\/\/dgospel.com.br\/portal\/index.php\/wp-json\/wp\/v2\/users\/2"}],"replies":[{"embeddable":true,"href":"https:\/\/dgospel.com.br\/portal\/index.php\/wp-json\/wp\/v2\/comments?post=570"}],"version-history":[{"count":1,"href":"https:\/\/dgospel.com.br\/portal\/index.php\/wp-json\/wp\/v2\/posts\/570\/revisions"}],"predecessor-version":[{"id":572,"href":"https:\/\/dgospel.com.br\/portal\/index.php\/wp-json\/wp\/v2\/posts\/570\/revisions\/572"}],"wp:featuredmedia":[{"embeddable":true,"href":"https:\/\/dgospel.com.br\/portal\/index.php\/wp-json\/wp\/v2\/media\/571"}],"wp:attachment":[{"href":"https:\/\/dgospel.com.br\/portal\/index.php\/wp-json\/wp\/v2\/media?parent=570"}],"wp:term":[{"taxonomy":"category","embeddable":true,"href":"https:\/\/dgospel.com.br\/portal\/index.php\/wp-json\/wp\/v2\/categories?post=570"},{"taxonomy":"post_tag","embeddable":true,"href":"https:\/\/dgospel.com.br\/portal\/index.php\/wp-json\/wp\/v2\/tags?post=570"}],"curies":[{"name":"wp","href":"https:\/\/api.w.org\/{rel}","templated":true}]}}