{"id":5705,"date":"2020-05-16T12:12:04","date_gmt":"2020-05-16T15:12:04","guid":{"rendered":"http:\/\/dgospel.com.br\/portal\/?p=5705"},"modified":"2020-05-16T12:12:05","modified_gmt":"2020-05-16T15:12:05","slug":"ramos-pede-bom-senso-da-imprensa-e-critica-terror","status":"publish","type":"post","link":"https:\/\/dgospel.com.br\/portal\/index.php\/2020\/05\/16\/ramos-pede-bom-senso-da-imprensa-e-critica-terror\/","title":{"rendered":"Ramos pede \u2018bom senso\u2019 da imprensa e critica \u2018terror\u2019"},"content":{"rendered":"\n<p>O ministro-chefe da Secretaria de Governo, general Luiz Eduardo Ramos, voltou a criticar a atua\u00e7\u00e3o da imprensa durante a coletiva de ministros, nesta sexta-feira (15). No evento, que marcou os 500 dias de governo do presidente Jair Bolsonaro, Ramos acusou a imprensa de dar \u201cnot\u00edcias de terror\u201d sobre a pandemia no Brasil.<\/p>\n\n\n\n<p>\u2013 A imprensa tem que ter consci\u00eancia de quem tem um peso muito grande no que ela vincula. Um estudo da Universidade Estadual do Rio de Janeiro (Uerj) disse que as ocorr\u00eancias de ansiedade e estresse causadas nesse momento pelas noticias e pelo temor, para n\u00e3o dizer o terror, aumentou 80% \u2013 disse o ministro.<\/p>\n\n\n\n<p>Ramos tamb\u00e9m mostrou a capa de um jornal de grande circula\u00e7\u00e3o cuja manchete dizia \u201cBrasil passa Fran\u00e7a e j\u00e1 o 6\u00ba pa\u00eds com mais casos\u201d.<\/p>\n\n\n\n<p>\u2013 A pessoa pega esse jornal de manh\u00e3, sem saber exatamente o que \u00e9, e l\u00ea que \u201co Brasil passa a Fran\u00e7a e j\u00e1 o 6\u00ba pa\u00eds com mais casos\u201d. O jornal n\u00e3o explica o que est\u00e1 dizendo. A popula\u00e7\u00e3o brasileira \u00e9 de 209 milh\u00f5es de pessoas. O Brasil \u00e9 um pa\u00eds continental. E a\u00ed o jornal pega e faz compara\u00e7\u00e3o com a Fran\u00e7a (67 milh\u00f5es de pessoas). \u00c9 por que a inten\u00e7\u00e3o \u00e9 assustar. S\u00f3 que considerando a popula\u00e7\u00e3o, o Brasil est\u00e1 atr\u00e1s de quase todos esses pa\u00edses \u2013 disse, mostrando um quadro com B\u00e9lgica, Espanha, Estados Unidos, It\u00e1lia, Fran\u00e7a, Alemanha e Reino Unido.<\/p>\n\n\n\n<p>Ramos tamb\u00e9m endossou o discurso do presidente Jair Bolsonaro de que \u00e9 preciso tratar a economia em paralelo \u00e0 sa\u00fade.<\/p>\n\n\n\n<p>\u2013 Nosso presidente tem batido na tecla de que, sim, \u00e9 uma pandemia. Mas medidas est\u00e3o sendo tomadas. \u00c9 uma pandemia que atingiu o mundo, mas parece que s\u00f3 atingiu o Brasil. Essa crise econ\u00f4mica vai matar muito mais gente. Se a pessoa n\u00e3o tem trabalho, n\u00e3o pode trabalhar ou \u00e9 profissional liberal, vai viver como? Economia e sa\u00fade andam juntas. O elemento que tem seu sal\u00e1rio todo m\u00eas vai ficar em casa, e quem precisa trabalhar diariamente vai viver de qu\u00ea? \u2013 questionou.<\/p>\n\n\n\n<p>Ele completou, afirmando que aceita cr\u00edticas e n\u00e3o est\u00e1 preocupado com elas.<\/p>\n\n\n\n<p>\u2013 Eu n\u00e3o quero s\u00f3 not\u00edcias boas, quero que publiquem as duas faces da moeda \u2013 afirmou.<\/p>\n","protected":false},"excerpt":{"rendered":"<p>O ministro-chefe da Secretaria de Governo, general Luiz Eduardo Ramos, voltou a criticar a atua\u00e7\u00e3o da imprensa durante a coletiva de ministros, nesta sexta-feira (15). No evento, que marcou os 500 dias de governo do presidente Jair Bolsonaro, Ramos acusou a imprensa de dar \u201cnot\u00edcias de terror\u201d sobre a pandemia no Brasil. \u2013 A imprensa [&hellip;]<\/p>\n","protected":false},"author":2,"featured_media":5706,"comment_status":"open","ping_status":"open","sticky":false,"template":"","format":"standard","meta":[],"categories":[6,4],"tags":[],"_links":{"self":[{"href":"https:\/\/dgospel.com.br\/portal\/index.php\/wp-json\/wp\/v2\/posts\/5705"}],"collection":[{"href":"https:\/\/dgospel.com.br\/portal\/index.php\/wp-json\/wp\/v2\/posts"}],"about":[{"href":"https:\/\/dgospel.com.br\/portal\/index.php\/wp-json\/wp\/v2\/types\/post"}],"author":[{"embeddable":true,"href":"https:\/\/dgospel.com.br\/portal\/index.php\/wp-json\/wp\/v2\/users\/2"}],"replies":[{"embeddable":true,"href":"https:\/\/dgospel.com.br\/portal\/index.php\/wp-json\/wp\/v2\/comments?post=5705"}],"version-history":[{"count":1,"href":"https:\/\/dgospel.com.br\/portal\/index.php\/wp-json\/wp\/v2\/posts\/5705\/revisions"}],"predecessor-version":[{"id":5707,"href":"https:\/\/dgospel.com.br\/portal\/index.php\/wp-json\/wp\/v2\/posts\/5705\/revisions\/5707"}],"wp:featuredmedia":[{"embeddable":true,"href":"https:\/\/dgospel.com.br\/portal\/index.php\/wp-json\/wp\/v2\/media\/5706"}],"wp:attachment":[{"href":"https:\/\/dgospel.com.br\/portal\/index.php\/wp-json\/wp\/v2\/media?parent=5705"}],"wp:term":[{"taxonomy":"category","embeddable":true,"href":"https:\/\/dgospel.com.br\/portal\/index.php\/wp-json\/wp\/v2\/categories?post=5705"},{"taxonomy":"post_tag","embeddable":true,"href":"https:\/\/dgospel.com.br\/portal\/index.php\/wp-json\/wp\/v2\/tags?post=5705"}],"curies":[{"name":"wp","href":"https:\/\/api.w.org\/{rel}","templated":true}]}}