{"id":5708,"date":"2020-05-16T12:38:03","date_gmt":"2020-05-16T15:38:03","guid":{"rendered":"http:\/\/dgospel.com.br\/portal\/?p=5708"},"modified":"2020-05-16T12:38:05","modified_gmt":"2020-05-16T15:38:05","slug":"igreja-celebra-a-cura-de-idosa-de-101-anos-que-superou-o-coronavirus-no-para","status":"publish","type":"post","link":"https:\/\/dgospel.com.br\/portal\/index.php\/2020\/05\/16\/igreja-celebra-a-cura-de-idosa-de-101-anos-que-superou-o-coronavirus-no-para\/","title":{"rendered":"Igreja celebra a cura de idosa de 101 anos que superou o coronav\u00edrus, no Par\u00e1"},"content":{"rendered":"\n<p>A Assembleia de Deus Bel\u00e9m do Par\u00e1 est\u00e1 se empenhando para fazer a diferen\u00e7a no combate ao\u00a0<strong><a href=\"https:\/\/guiame.com.br\/gospel\/mundo-cristao\/max-lucado-diz-que-deus-esta-falando-com-o-mundo-em-meio-pandemia-de-coronavirus.html\">coronav\u00edrus<\/a><\/strong>\u00a0no Estado. A denomina\u00e7\u00e3o est\u00e1 designando esfor\u00e7os em diversas \u00e1reas para atender \u00e0s fam\u00edlias com pacientes internados ou que perderam entes queridos, bem como investido na instala\u00e7\u00e3o de hospitais de campanha em um de seus templos.<\/p>\n\n\n\n<p><\/p>\n\n\n\n<figure class=\"wp-block-image\"><img loading=\"lazy\" width=\"291\" height=\"173\" src=\"http:\/\/dgospel.com.br\/portal\/wp-content\/uploads\/2020\/05\/download-1.jpg\" alt=\"\" class=\"wp-image-5710\"\/><\/figure>\n\n\n\n<p>O Estado entrou em lockdown h\u00e1 cerca de seis dias, por\u00e9m, apesar da situa\u00e7\u00e3o cr\u00edtica, os motivos de celebra\u00e7\u00e3o e gratid\u00e3o tamb\u00e9m s\u00e3o lembrados. Segundo o pastor Philipe C\u00e2mara, \u201cdezenas de irm\u00e3os\u00a0<strong><a href=\"https:\/\/guiame.com.br\/gospel\/noticias\/numero-de-recuperados-do-coronavirus-no-brasil-e-cerca-de-6-vezes-maior-que-o-de-mortes.html\">est\u00e3o se recuperando<\/a><\/strong>\u00a0e voltando para casa\u201d. Entre estes testemunhos de recupera\u00e7\u00e3o est\u00e1 o de dona Antonina. Ela tem 101 anos, foi internada, testando positivo para coronav\u00edrus e recebeu alta esta semana.<\/p>\n\n\n\n<p> Um v\u00eddeo emocionante mostra a idosa saindo do hospital, enquanto era aplaudida pela equipe m\u00e9dica. Confira, clicando abaixo: <\/p>\n\n\n\n<figure class=\"wp-block-embed-youtube wp-block-embed is-type-video is-provider-youtube wp-embed-aspect-16-9 wp-has-aspect-ratio\"><div class=\"wp-block-embed__wrapper\">\n<iframe loading=\"lazy\" title=\"Aos 101 anos, idosa supera a Covid-19 e tem cura celebrada por sua igreja\" width=\"630\" height=\"354\" src=\"https:\/\/www.youtube.com\/embed\/Vd_lK_zv3rA?feature=oembed\" frameborder=\"0\" allow=\"accelerometer; autoplay; encrypted-media; gyroscope; picture-in-picture\" allowfullscreen><\/iframe>\n<\/div><\/figure>\n\n\n\n<p>\u201cNossa paciente, d. Antonina, de 101 anos, est\u00e1 recebendo alta, depois de tratar o Covid. Nunca precisou de oxig\u00eanio. Est\u00e1 indo embora muito bem, gra\u00e7as a Deus\u201d, disse uma integrante da equipe m\u00e9dica.<\/p>\n\n\n\n<p>Antonina congrega na Assembleia de Deus de Bel\u00e9m e seu testemunho &#8211; junto a outros &#8211; tem levado esperan\u00e7a \u00e0s fam\u00edlias que t\u00eam lutado contra o v\u00edrus de alguma forma.<\/p>\n\n\n\n<p><strong>Gratid\u00e3o<\/strong><\/p>\n\n\n\n<p>Em mensagem encaminhada pelo Whatsapp, o pastor Philipe celebrou a recupera\u00e7\u00e3o de D. Antonina e tamb\u00e9m agradeceu a todos pelas ora\u00e7\u00f5es.<\/p>\n\n\n\n<p>\u201cAmigos, Gostaria de agradecer as ora\u00e7\u00f5es e contato que tenho recebido de todos. Temos sido fortalecidos pelas ora\u00e7\u00f5es e seguimos vencendo um dia de cada vez\u201d, declarou. \u201cContinuem orando por nossa cidade e igreja. Estamos em lockdown h\u00e1 6 dias\u201d.<\/p>\n\n\n\n<p>\u201cEstamos nos alegrando com os que se alegram, dezenas de irm\u00e3os se recuperando e voltando para casa, mas tamb\u00e9m choramos com os que choram; nos compadecemos os os parentes e familiares daqueles que faleceram\u201d, acrescentou.<\/p>\n\n\n\n<p>O pastor explicou que \u00e0s segundas-feiras, a igreja realiza um culto, honrando a mem\u00f3ria daqueles que faleceram e buscando dar conforto \u00e0s suas respectivas fam\u00edlias.<\/p>\n\n\n\n<p>\u201cO mais dif\u00edcil para as fam\u00edlias \u00e9 nao poder de despedir\u201d, lembrou ele. \u201cN\u00e3o \u00e9 uma \u201ctransmiss\u00e3o\/culto\u201d f\u00e1cil, mas tem sido um instrumento de cura para muitos. Cantamos com o coral e orquestra com v\u00eddeos gravados a dist\u00e2ncia.Revezamos com os pastores trazendo uma breve palavra\u201d.<\/p>\n\n\n\n<p>Pastor Felipe tamb\u00e9m pediu a todos que continuassem orando pela instala\u00e7\u00e3o do hospital de campanha em um dos templos da igreja.<\/p>\n\n\n\n<p>\u201cOs respiradores que o governo do estado compro da China, vieram com defeito, e nenhum dos 400 funcionou, agravando ainda mais o cen\u00e1rio da sa\u00fade local. Ser\u00e3o 300 leitos que vir\u00e3o em boa hora\u201d, explicou ele.<\/p>\n\n\n\n<p> <\/p>\n\n\n\n<p>FONTE: GUIAME, POR JO\u00c3O NETO <\/p>\n","protected":false},"excerpt":{"rendered":"<p>A Assembleia de Deus Bel\u00e9m do Par\u00e1 est\u00e1 se empenhando para fazer a diferen\u00e7a no combate ao\u00a0coronav\u00edrus\u00a0no Estado. A denomina\u00e7\u00e3o est\u00e1 designando esfor\u00e7os em diversas \u00e1reas para atender \u00e0s fam\u00edlias com pacientes internados ou que perderam entes queridos, bem como investido na instala\u00e7\u00e3o de hospitais de campanha em um de seus templos. O Estado entrou [&hellip;]<\/p>\n","protected":false},"author":2,"featured_media":5709,"comment_status":"open","ping_status":"open","sticky":false,"template":"","format":"standard","meta":[],"categories":[5,6],"tags":[],"_links":{"self":[{"href":"https:\/\/dgospel.com.br\/portal\/index.php\/wp-json\/wp\/v2\/posts\/5708"}],"collection":[{"href":"https:\/\/dgospel.com.br\/portal\/index.php\/wp-json\/wp\/v2\/posts"}],"about":[{"href":"https:\/\/dgospel.com.br\/portal\/index.php\/wp-json\/wp\/v2\/types\/post"}],"author":[{"embeddable":true,"href":"https:\/\/dgospel.com.br\/portal\/index.php\/wp-json\/wp\/v2\/users\/2"}],"replies":[{"embeddable":true,"href":"https:\/\/dgospel.com.br\/portal\/index.php\/wp-json\/wp\/v2\/comments?post=5708"}],"version-history":[{"count":1,"href":"https:\/\/dgospel.com.br\/portal\/index.php\/wp-json\/wp\/v2\/posts\/5708\/revisions"}],"predecessor-version":[{"id":5711,"href":"https:\/\/dgospel.com.br\/portal\/index.php\/wp-json\/wp\/v2\/posts\/5708\/revisions\/5711"}],"wp:featuredmedia":[{"embeddable":true,"href":"https:\/\/dgospel.com.br\/portal\/index.php\/wp-json\/wp\/v2\/media\/5709"}],"wp:attachment":[{"href":"https:\/\/dgospel.com.br\/portal\/index.php\/wp-json\/wp\/v2\/media?parent=5708"}],"wp:term":[{"taxonomy":"category","embeddable":true,"href":"https:\/\/dgospel.com.br\/portal\/index.php\/wp-json\/wp\/v2\/categories?post=5708"},{"taxonomy":"post_tag","embeddable":true,"href":"https:\/\/dgospel.com.br\/portal\/index.php\/wp-json\/wp\/v2\/tags?post=5708"}],"curies":[{"name":"wp","href":"https:\/\/api.w.org\/{rel}","templated":true}]}}