{"id":5715,"date":"2020-05-18T00:20:09","date_gmt":"2020-05-18T03:20:09","guid":{"rendered":"http:\/\/dgospel.com.br\/portal\/?p=5715"},"modified":"2020-05-18T00:20:10","modified_gmt":"2020-05-18T03:20:10","slug":"durante-ato-em-brasilia-bolsonaro-diz-que-brasil-saira-mais-forte-da-pandemia","status":"publish","type":"post","link":"https:\/\/dgospel.com.br\/portal\/index.php\/2020\/05\/18\/durante-ato-em-brasilia-bolsonaro-diz-que-brasil-saira-mais-forte-da-pandemia\/","title":{"rendered":"Durante ato em Bras\u00edlia, Bolsonaro diz que Brasil sair\u00e1 mais forte da pandemia"},"content":{"rendered":"\n<p>O presidente Jair Bolsonaro (sem partido) disse, neste domingo (17), durante uma manifesta\u00e7\u00e3o em Bras\u00edlia, que o governo federal tem dado todo o apoio para atender doentes da Covid-19 e que espera que a epidemia passe logo.<\/p>\n\n\n\n<p>\u2013 Manifesta\u00e7\u00e3o pura da democracia. Estou muito honrado com isso. O governo federal tem dado todo o apoio para atender as pessoas que contra\u00edram o v\u00edrus e esperamos brevemente ficar livre dessa quest\u00e3o, para o bem de todos n\u00f3s. O Brasil, tenho certeza, certeza, voltar\u00e1 mais forte \u2013 declarou.<\/p>\n\n\n\n<p>Em meio a uma crise pol\u00edtica, o mandat\u00e1rio foi \u00e0 rampa do Pal\u00e1cio do Planalto, juntamente com v\u00e1rios ministros e ao menos dois de seus filhos, Eduardo e Carlos, para saudar os manifestantes.<\/p>\n\n\n\n<p>Antes de descer para cumprimentar o p\u00fablico, ele ressaltou que, nesta vez, n\u00e3o h\u00e1 \u201cnenhuma faixa, nenhuma bandeira que atente contra a Constitui\u00e7\u00e3o, contra o Estado Democr\u00e1tico de Direito\u201d.<\/p>\n\n\n\n<p>\u2013 O que n\u00f3s queremos \u00e9 resgatar os valores que formam a nossa nacionalidade, respeitar a fam\u00edlia \u2013 afirmou.<\/p>\n\n\n\n<p>Antes da chegada de Bolsonaro no ato, seguran\u00e7as do Planalto pediram a manifestantes a retirada de faixas contra o Congresso e o Supremo Tribunal Federal (STF), colocadas nas grades de prote\u00e7\u00e3o no entorno do local.<\/p>\n\n\n\n<p>*Folhapress<\/p>\n","protected":false},"excerpt":{"rendered":"<p>O presidente Jair Bolsonaro (sem partido) disse, neste domingo (17), durante uma manifesta\u00e7\u00e3o em Bras\u00edlia, que o governo federal tem dado todo o apoio para atender doentes da Covid-19 e que espera que a epidemia passe logo. \u2013 Manifesta\u00e7\u00e3o pura da democracia. Estou muito honrado com isso. O governo federal tem dado todo o apoio [&hellip;]<\/p>\n","protected":false},"author":2,"featured_media":5716,"comment_status":"open","ping_status":"open","sticky":false,"template":"","format":"standard","meta":[],"categories":[6,4],"tags":[],"_links":{"self":[{"href":"https:\/\/dgospel.com.br\/portal\/index.php\/wp-json\/wp\/v2\/posts\/5715"}],"collection":[{"href":"https:\/\/dgospel.com.br\/portal\/index.php\/wp-json\/wp\/v2\/posts"}],"about":[{"href":"https:\/\/dgospel.com.br\/portal\/index.php\/wp-json\/wp\/v2\/types\/post"}],"author":[{"embeddable":true,"href":"https:\/\/dgospel.com.br\/portal\/index.php\/wp-json\/wp\/v2\/users\/2"}],"replies":[{"embeddable":true,"href":"https:\/\/dgospel.com.br\/portal\/index.php\/wp-json\/wp\/v2\/comments?post=5715"}],"version-history":[{"count":1,"href":"https:\/\/dgospel.com.br\/portal\/index.php\/wp-json\/wp\/v2\/posts\/5715\/revisions"}],"predecessor-version":[{"id":5717,"href":"https:\/\/dgospel.com.br\/portal\/index.php\/wp-json\/wp\/v2\/posts\/5715\/revisions\/5717"}],"wp:featuredmedia":[{"embeddable":true,"href":"https:\/\/dgospel.com.br\/portal\/index.php\/wp-json\/wp\/v2\/media\/5716"}],"wp:attachment":[{"href":"https:\/\/dgospel.com.br\/portal\/index.php\/wp-json\/wp\/v2\/media?parent=5715"}],"wp:term":[{"taxonomy":"category","embeddable":true,"href":"https:\/\/dgospel.com.br\/portal\/index.php\/wp-json\/wp\/v2\/categories?post=5715"},{"taxonomy":"post_tag","embeddable":true,"href":"https:\/\/dgospel.com.br\/portal\/index.php\/wp-json\/wp\/v2\/tags?post=5715"}],"curies":[{"name":"wp","href":"https:\/\/api.w.org\/{rel}","templated":true}]}}