{"id":5718,"date":"2020-05-19T11:44:54","date_gmt":"2020-05-19T14:44:54","guid":{"rendered":"http:\/\/dgospel.com.br\/portal\/?p=5718"},"modified":"2020-05-19T11:47:45","modified_gmt":"2020-05-19T14:47:45","slug":"morre-o-pastor-nunes-neto-lider-da-ad-em-fortaleza","status":"publish","type":"post","link":"https:\/\/dgospel.com.br\/portal\/index.php\/2020\/05\/19\/morre-o-pastor-nunes-neto-lider-da-ad-em-fortaleza\/","title":{"rendered":"Pastor Nunes Neto, l\u00edder da AD em Fortaleza morre Covid-19"},"content":{"rendered":"\n<p>Morreu na tarde desta segunda-feira (18), o pastor Flor\u00eancio Nunes Neto, presidente da Conven\u00e7\u00e3o de Igrejas e Ministros das Assembleias de Deus Minist\u00e9rio de Fortaleza no Estado do Cear\u00e1 (Cimadec), e l\u00edder da Assembleia de Deus em Fortaleza. Pastor Nunes Neto tinha 52 anos e estava internado no Hospital Leonardo da Vinci, v\u00edtima da Covid-19.<\/p>\n\n\n\n<p>Nascido em Fortaleza, em 3 de maio de 1968, ele era bacharel em Teologia, licenciado em Filosofia e cursava p\u00f3s-gradua\u00e7\u00e3o em Gest\u00e3o P\u00fablica. Era tamb\u00e9m presidente do Conselho Pol\u00edtico da Conven\u00e7\u00e3o de Igrejas e Ministros das Assembl\u00e9ia de Deus Minist\u00e9rio de Fortaleza; presidente do Conselho Pol\u00edtico da Uni\u00e3o de Ministros das AD do Nordeste; e secret\u00e1rio do Conselho Pol\u00edtico da Conven\u00e7\u00e3o Geral das Assembleias de Deus no Brasil no Brasil (CGADB).<\/p>\n\n\n\n<p>Em nota, a Cimadec e a CGADB externaram sentimentos de pesar pela passagem do pastor Nunes Neto.<\/p>\n\n\n\n<p><\/p>\n\n\n\n<figure class=\"wp-block-image\"><img loading=\"lazy\" width=\"1024\" height=\"1024\" src=\"http:\/\/dgospel.com.br\/portal\/wp-content\/uploads\/2020\/05\/nunesneto2-1024x1024.jpg\" alt=\"\" class=\"wp-image-5720\" srcset=\"https:\/\/dgospel.com.br\/portal\/wp-content\/uploads\/2020\/05\/nunesneto2-1024x1024.jpg 1024w, https:\/\/dgospel.com.br\/portal\/wp-content\/uploads\/2020\/05\/nunesneto2-150x150.jpg 150w, https:\/\/dgospel.com.br\/portal\/wp-content\/uploads\/2020\/05\/nunesneto2-300x300.jpg 300w, https:\/\/dgospel.com.br\/portal\/wp-content\/uploads\/2020\/05\/nunesneto2-768x768.jpg 768w, https:\/\/dgospel.com.br\/portal\/wp-content\/uploads\/2020\/05\/nunesneto2.jpg 1080w\" sizes=\"(max-width: 1024px) 100vw, 1024px\" \/><\/figure>\n\n\n\n<figure class=\"wp-block-image\"><img loading=\"lazy\" width=\"1024\" height=\"970\" src=\"http:\/\/dgospel.com.br\/portal\/wp-content\/uploads\/2020\/05\/cgadbpesar-1024x970.jpg\" alt=\"\" class=\"wp-image-5721\" srcset=\"https:\/\/dgospel.com.br\/portal\/wp-content\/uploads\/2020\/05\/cgadbpesar-1024x970.jpg 1024w, https:\/\/dgospel.com.br\/portal\/wp-content\/uploads\/2020\/05\/cgadbpesar-300x284.jpg 300w, https:\/\/dgospel.com.br\/portal\/wp-content\/uploads\/2020\/05\/cgadbpesar-768x727.jpg 768w, https:\/\/dgospel.com.br\/portal\/wp-content\/uploads\/2020\/05\/cgadbpesar.jpg 1242w\" sizes=\"(max-width: 1024px) 100vw, 1024px\" \/><\/figure>\n\n\n\n<p><\/p>\n","protected":false},"excerpt":{"rendered":"<p>Morreu na tarde desta segunda-feira (18), o pastor Flor\u00eancio Nunes Neto, presidente da Conven\u00e7\u00e3o de Igrejas e Ministros das Assembleias de Deus Minist\u00e9rio de Fortaleza no Estado do Cear\u00e1 (Cimadec), e l\u00edder da Assembleia de Deus em Fortaleza. Pastor Nunes Neto tinha 52 anos e estava internado no Hospital Leonardo da Vinci, v\u00edtima da Covid-19. [&hellip;]<\/p>\n","protected":false},"author":2,"featured_media":5719,"comment_status":"open","ping_status":"open","sticky":false,"template":"","format":"standard","meta":[],"categories":[5,6],"tags":[],"_links":{"self":[{"href":"https:\/\/dgospel.com.br\/portal\/index.php\/wp-json\/wp\/v2\/posts\/5718"}],"collection":[{"href":"https:\/\/dgospel.com.br\/portal\/index.php\/wp-json\/wp\/v2\/posts"}],"about":[{"href":"https:\/\/dgospel.com.br\/portal\/index.php\/wp-json\/wp\/v2\/types\/post"}],"author":[{"embeddable":true,"href":"https:\/\/dgospel.com.br\/portal\/index.php\/wp-json\/wp\/v2\/users\/2"}],"replies":[{"embeddable":true,"href":"https:\/\/dgospel.com.br\/portal\/index.php\/wp-json\/wp\/v2\/comments?post=5718"}],"version-history":[{"count":2,"href":"https:\/\/dgospel.com.br\/portal\/index.php\/wp-json\/wp\/v2\/posts\/5718\/revisions"}],"predecessor-version":[{"id":5723,"href":"https:\/\/dgospel.com.br\/portal\/index.php\/wp-json\/wp\/v2\/posts\/5718\/revisions\/5723"}],"wp:featuredmedia":[{"embeddable":true,"href":"https:\/\/dgospel.com.br\/portal\/index.php\/wp-json\/wp\/v2\/media\/5719"}],"wp:attachment":[{"href":"https:\/\/dgospel.com.br\/portal\/index.php\/wp-json\/wp\/v2\/media?parent=5718"}],"wp:term":[{"taxonomy":"category","embeddable":true,"href":"https:\/\/dgospel.com.br\/portal\/index.php\/wp-json\/wp\/v2\/categories?post=5718"},{"taxonomy":"post_tag","embeddable":true,"href":"https:\/\/dgospel.com.br\/portal\/index.php\/wp-json\/wp\/v2\/tags?post=5718"}],"curies":[{"name":"wp","href":"https:\/\/api.w.org\/{rel}","templated":true}]}}