{"id":5724,"date":"2020-05-19T16:00:54","date_gmt":"2020-05-19T19:00:54","guid":{"rendered":"http:\/\/dgospel.com.br\/portal\/?p=5724"},"modified":"2020-05-19T16:00:56","modified_gmt":"2020-05-19T19:00:56","slug":"leo-barbosa-solicita-ao-corpo-de-bombeiros-a-desinfeccao-de-avenidas-movimentadas-de-palmas","status":"publish","type":"post","link":"https:\/\/dgospel.com.br\/portal\/index.php\/2020\/05\/19\/leo-barbosa-solicita-ao-corpo-de-bombeiros-a-desinfeccao-de-avenidas-movimentadas-de-palmas\/","title":{"rendered":"L\u00e9o Barbosa solicita ao Corpo de Bombeiros a desinfec\u00e7\u00e3o de avenidas movimentadas de Palmas"},"content":{"rendered":"\n<p>Em reuni\u00e3o com o comandante geral do Corpo de Bombeiros Militar do Tocantins, Coronel Reginaldo Leandro da Silva, na manh\u00e3 desta ter\u00e7a-feira (19), o deputado estadual L\u00e9o Barbosa solicitou em regime de urg\u00eancia a desinfec\u00e7\u00e3o de avenidas com maior \u00edndice de aglomera\u00e7\u00e3o de pessoas em Palmas, com objetivo de ajudar a combater a dissemina\u00e7\u00e3o do novo coronav\u00edrus.<br><\/p>\n\n\n\n<p>O pedido foi feito para a Avenida Tocantins em Taquaralto, Avenida JK, Avenida Tlo 05 no Jardim Taquari, Avenida comercial da Quadra 706 Sul, Ruas pr\u00f3ximas a Feira da Quadra 307 Norte, Avenida Belo Horizonte, Pra\u00e7a Maraca\u00edpe e Pra\u00e7a Tarc\u00edsio de Machado em Taquaru\u00e7u.<br><\/p>\n\n\n\n<p>Segundo o parlamentar, a a\u00e7\u00e3o que j\u00e1 vem sendo adotada pelo Corpo de Bombeiros nos munic\u00edpios mais afetados pela pandemia do coronav\u00edrus \u00e9 de extrema import\u00e2ncia, tendo em vista que mesmo com as medidas estipuladas pelos decretos municipais e estadual, muitas pessoas ainda circulam pelas ruas para desenvolver atividades essenciais.&nbsp;<br><\/p>\n\n\n\n<p>\u201cA desinfec\u00e7\u00e3o vai ser fundamental para a limpeza desses espa\u00e7os p\u00fablicos, porque ajuda a impedir que o v\u00edrus permane\u00e7a em estruturas que as pessoas muitas vezes passam a m\u00e3o, por exemplo. \u00c9 o caso da Avenida Tocantins que \u00e9 um importante centro comercial e ainda tem uma circula\u00e7\u00e3o muito grande de pessoas que precisam ir a ag\u00eancias banc\u00e1rias, farm\u00e1cias e mercados\u201d, ressaltou.<br><\/p>\n\n\n\n<p>Ainda de acordo com Barbosa, o comandante garantiu o atendimento \u00e0 solicita\u00e7\u00e3o o mais breve poss\u00edvel e destacou que o Corpo de Bombeiros est\u00e1 empenhado em desenvolver a\u00e7\u00f5es de combate a pandemia em todo o Estado.<\/p>\n","protected":false},"excerpt":{"rendered":"<p>Em reuni\u00e3o com o comandante geral do Corpo de Bombeiros Militar do Tocantins, Coronel Reginaldo Leandro da Silva, na manh\u00e3 desta ter\u00e7a-feira (19), o deputado estadual L\u00e9o Barbosa solicitou em regime de urg\u00eancia a desinfec\u00e7\u00e3o de avenidas com maior \u00edndice de aglomera\u00e7\u00e3o de pessoas em Palmas, com objetivo de ajudar a combater a dissemina\u00e7\u00e3o do [&hellip;]<\/p>\n","protected":false},"author":2,"featured_media":5725,"comment_status":"open","ping_status":"open","sticky":false,"template":"","format":"standard","meta":[],"categories":[8],"tags":[],"_links":{"self":[{"href":"https:\/\/dgospel.com.br\/portal\/index.php\/wp-json\/wp\/v2\/posts\/5724"}],"collection":[{"href":"https:\/\/dgospel.com.br\/portal\/index.php\/wp-json\/wp\/v2\/posts"}],"about":[{"href":"https:\/\/dgospel.com.br\/portal\/index.php\/wp-json\/wp\/v2\/types\/post"}],"author":[{"embeddable":true,"href":"https:\/\/dgospel.com.br\/portal\/index.php\/wp-json\/wp\/v2\/users\/2"}],"replies":[{"embeddable":true,"href":"https:\/\/dgospel.com.br\/portal\/index.php\/wp-json\/wp\/v2\/comments?post=5724"}],"version-history":[{"count":1,"href":"https:\/\/dgospel.com.br\/portal\/index.php\/wp-json\/wp\/v2\/posts\/5724\/revisions"}],"predecessor-version":[{"id":5726,"href":"https:\/\/dgospel.com.br\/portal\/index.php\/wp-json\/wp\/v2\/posts\/5724\/revisions\/5726"}],"wp:featuredmedia":[{"embeddable":true,"href":"https:\/\/dgospel.com.br\/portal\/index.php\/wp-json\/wp\/v2\/media\/5725"}],"wp:attachment":[{"href":"https:\/\/dgospel.com.br\/portal\/index.php\/wp-json\/wp\/v2\/media?parent=5724"}],"wp:term":[{"taxonomy":"category","embeddable":true,"href":"https:\/\/dgospel.com.br\/portal\/index.php\/wp-json\/wp\/v2\/categories?post=5724"},{"taxonomy":"post_tag","embeddable":true,"href":"https:\/\/dgospel.com.br\/portal\/index.php\/wp-json\/wp\/v2\/tags?post=5724"}],"curies":[{"name":"wp","href":"https:\/\/api.w.org\/{rel}","templated":true}]}}