{"id":5733,"date":"2020-05-20T12:53:58","date_gmt":"2020-05-20T15:53:58","guid":{"rendered":"http:\/\/dgospel.com.br\/portal\/?p=5733"},"modified":"2020-05-20T12:54:00","modified_gmt":"2020-05-20T15:54:00","slug":"requisicao-de-leitos-privados-feita-pelo-governo-do-tocantins-visa-garantir-disponibilidade-de-utis-a-tocantinenses","status":"publish","type":"post","link":"https:\/\/dgospel.com.br\/portal\/index.php\/2020\/05\/20\/requisicao-de-leitos-privados-feita-pelo-governo-do-tocantins-visa-garantir-disponibilidade-de-utis-a-tocantinenses\/","title":{"rendered":"Requisi\u00e7\u00e3o de leitos privados feita pelo Governo do Tocantins visa garantir disponibilidade de UTIs a tocantinenses"},"content":{"rendered":"\n<p>Os tocantinenses ter\u00e3o \u00e0 disposi\u00e7\u00e3o 70% dos leitos de Unidade de Terapia Intensiva (UTI) existentes na rede hospitalar privada do estado, o que corresponde a um aumento de 46 leitos de UTI. Os leitos foram requisitados administrativamente pelo Governo do Tocantins e visam garantir que a assist\u00eancia em sa\u00fade seja oferecida com prioridade aos pacientes tocantinenses. Na semana passada, avi\u00f5es com UTIs a\u00e9reas&nbsp;trouxeram&nbsp; pacientes de outros estados em busca de leitos na rede de sa\u00fade estadual.<\/p>\n\n\n\n<p>\u201cJ\u00e1 est\u00e1vamos trabalhando esta possibilidade e a Secretaria da Sa\u00fade j\u00e1 tinha solicitado aos hospitais privados o quantitativo exato de leitos de UTI livres. Al\u00e9m disso, fomos surpreendidos com avi\u00f5es chegando ao Tocantins com pacientes vindos especificamente do Par\u00e1. Diante disso, precisamos tomar esta medida, para proteger o cidad\u00e3o tocantinense\u201d, explica o secret\u00e1rio de Estado da Sa\u00fade, Dr. Edgar Tollini.<\/p>\n\n\n\n<p>A requisi\u00e7\u00e3o feita pela Gest\u00e3o Estadual considera a supremacia do interesse p\u00fablico sobre o privado, o que permite ao Estado tomar esta medida para resguardar a assist\u00eancia dos tocantinenses e diminuir a taxa de \u00f3bitos. Os 46 leitos distribu\u00eddos em Palmas, Aragua\u00edna e Gurupi v\u00e3o ingressar no sistema de Regula\u00e7\u00e3o Estadual assim que ficarem dispon\u00edveis.<\/p>\n\n\n\n<p>\u201cDeixamos 30% do total de leitos privados para o atendimento aos conv\u00eanios e os demais ser\u00e3o destinados \u00e0 prote\u00e7\u00e3o do cidad\u00e3o tocantinense. Neste momento de pandemia, em que enfrentamos todas as dificuldades para abrir novos leitos, n\u00e3o \u00e9 poss\u00edvel oferecer o atendimento necess\u00e1rio sem a colabora\u00e7\u00e3o da rede privada. No Tocantins, temos 93% da popula\u00e7\u00e3o dependente do SUS [Sistema \u00danico de Sa\u00fade]\u201d, refor\u00e7a o secret\u00e1rio Tollini.<\/p>\n\n\n\n<p>O superintende Jur\u00eddico da Secretaria de Estado da Sa\u00fade (SES), Marcus Senna, destaca que o percentual de leitos requisitado tamb\u00e9m inclui os que estejam ocupados, sendo que a posse do Estado sobre estes se dar\u00e1 quando ocorrer a desocupa\u00e7\u00e3o pelo paciente que estava internado.<\/p>\n\n\n\n<p>\u201cLembramos ainda que a requisi\u00e7\u00e3o n\u00e3o \u00e9 uma medida aleat\u00f3ria, nem determina\u00e7\u00e3o de invas\u00e3o \u00e0 autonomia privada, \u00e9 uma quest\u00e3o de necessidade, de organiza\u00e7\u00e3o da rede para garantir atendimento a todos os tocantinenses. Por meio deste mecanismo, o Estado toma posse dos leitos e passar\u00e1 a oferec\u00ea-los com pagamento posterior a unidade hospitalar. Estamos em um estado de calamidade e medidas duras se fazem necess\u00e1rias porque precisamos deste apoio\u201d, explica Marcus Senna.<\/p>\n\n\n\n<p>Ainda segundo o superintendente, a quest\u00e3o financeira e a forma pr\u00e1tica da disponibiliza\u00e7\u00e3o dos leitos ser\u00e3o debatidas em reuni\u00e3o entre os representantes das unidades privadas e a Secretaria da Sa\u00fade. O pagamento pelos leitos pode ocorrer ao fim do per\u00edodo de requisi\u00e7\u00e3o ou em periodicidade a ser definida.<\/p>\n\n\n\n<p>A requisi\u00e7\u00e3o administrativa ter\u00e1 validade at\u00e9 que n\u00e3o seja mais necess\u00e1ria a utiliza\u00e7\u00e3o dos leitos privados para tratamento da Covid-19.<\/p>\n\n\n\n<p>Isolamento social<\/p>\n\n\n\n<p>A requisi\u00e7\u00e3o dos leitos leva em considera\u00e7\u00e3o o Decreto de Calamidade P\u00fablica assinado pelo governador Mauro Carlesse, a Portaria do Minist\u00e9rio da Sa\u00fade (MS) que declara estado de transmiss\u00e3o comunit\u00e1ria da Covid-19 em todo o territ\u00f3rio nacional, o elevado poder de transmiss\u00e3o do v\u00edrus, o status crescente do n\u00famero de casos positivos no Tocantins e o baixo \u00edndice de isolamento social, que est\u00e1 pr\u00f3ximo aos 30%, considerado um dos piores de todo o Pa\u00eds.<\/p>\n\n\n\n<p>\u201cNecessitamos aumentar o grau de isolamento social no Tocantins. A popula\u00e7\u00e3o precisa dar sua contribui\u00e7\u00e3o, pois j\u00e1 estamos enfrentando muitas dificuldades para conseguir a expans\u00e3o da oferta de UTI na rede p\u00fablica em decorr\u00eancia da indisponibilidade dos equipamentos necess\u00e1rios \u00e0 montagem dos leitos em curto prazo\u201d, lembra o secret\u00e1rio Edgar Tollini, refor\u00e7ando que o baixo \u00edndice de isolamento contribui para o aumento do n\u00famero de casos da doen\u00e7a e pressiona a demanda por assist\u00eancia hospitalar em leitos cl\u00ednicos e de UTI.<\/p>\n","protected":false},"excerpt":{"rendered":"<p>Os tocantinenses ter\u00e3o \u00e0 disposi\u00e7\u00e3o 70% dos leitos de Unidade de Terapia Intensiva (UTI) existentes na rede hospitalar privada do estado, o que corresponde a um aumento de 46 leitos de UTI. Os leitos foram requisitados administrativamente pelo Governo do Tocantins e visam garantir que a assist\u00eancia em sa\u00fade seja oferecida com prioridade aos pacientes [&hellip;]<\/p>\n","protected":false},"author":2,"featured_media":5734,"comment_status":"open","ping_status":"open","sticky":false,"template":"","format":"standard","meta":[],"categories":[3],"tags":[],"_links":{"self":[{"href":"https:\/\/dgospel.com.br\/portal\/index.php\/wp-json\/wp\/v2\/posts\/5733"}],"collection":[{"href":"https:\/\/dgospel.com.br\/portal\/index.php\/wp-json\/wp\/v2\/posts"}],"about":[{"href":"https:\/\/dgospel.com.br\/portal\/index.php\/wp-json\/wp\/v2\/types\/post"}],"author":[{"embeddable":true,"href":"https:\/\/dgospel.com.br\/portal\/index.php\/wp-json\/wp\/v2\/users\/2"}],"replies":[{"embeddable":true,"href":"https:\/\/dgospel.com.br\/portal\/index.php\/wp-json\/wp\/v2\/comments?post=5733"}],"version-history":[{"count":1,"href":"https:\/\/dgospel.com.br\/portal\/index.php\/wp-json\/wp\/v2\/posts\/5733\/revisions"}],"predecessor-version":[{"id":5735,"href":"https:\/\/dgospel.com.br\/portal\/index.php\/wp-json\/wp\/v2\/posts\/5733\/revisions\/5735"}],"wp:featuredmedia":[{"embeddable":true,"href":"https:\/\/dgospel.com.br\/portal\/index.php\/wp-json\/wp\/v2\/media\/5734"}],"wp:attachment":[{"href":"https:\/\/dgospel.com.br\/portal\/index.php\/wp-json\/wp\/v2\/media?parent=5733"}],"wp:term":[{"taxonomy":"category","embeddable":true,"href":"https:\/\/dgospel.com.br\/portal\/index.php\/wp-json\/wp\/v2\/categories?post=5733"},{"taxonomy":"post_tag","embeddable":true,"href":"https:\/\/dgospel.com.br\/portal\/index.php\/wp-json\/wp\/v2\/tags?post=5733"}],"curies":[{"name":"wp","href":"https:\/\/api.w.org\/{rel}","templated":true}]}}