{"id":5739,"date":"2020-05-20T14:12:00","date_gmt":"2020-05-20T17:12:00","guid":{"rendered":"http:\/\/dgospel.com.br\/portal\/?p=5739"},"modified":"2020-05-20T14:12:38","modified_gmt":"2020-05-20T17:12:38","slug":"justica-impos-multa-diaria-de-r-1-mil-a-um-igreja-evangelica-por-promover-aglomeracao-no-tocantins","status":"publish","type":"post","link":"https:\/\/dgospel.com.br\/portal\/index.php\/2020\/05\/20\/justica-impos-multa-diaria-de-r-1-mil-a-um-igreja-evangelica-por-promover-aglomeracao-no-tocantins\/","title":{"rendered":"Justi\u00e7a imp\u00f4s multa di\u00e1ria de R$ 1 mil a uma Igreja evang\u00e9lica por promover aglomera\u00e7\u00e3o no Tocantins"},"content":{"rendered":"\n<p>A Justi\u00e7a proferiu decis\u00e3o liminar,&nbsp;nesta ter\u00e7a-feira (19),&nbsp;impedindo que&nbsp;o pastor Claudiney Pereira Alves promova&nbsp;aglomera\u00e7\u00e3o de pessoas em eventos coletivos no munic\u00edpio de Arraias (TO). O pedido judicial foi feito pelo&nbsp;Minist\u00e9rio P\u00fablico do Tocantins.<\/p>\n\n\n\n<p>Conforme a Promotoria de Justi\u00e7a de Arraias, a a\u00e7\u00e3o foi proposta\u00a0a partir da not\u00edcia remetida pela Secretaria Municipal de Sa\u00fade informando que o pastor descumpria regras do Decreto Municipal,\u00a0que imp\u00f5e medidas emergenciais e restritivas de isolamento social para enfrentamento da pandemia do novo coronav\u00edrus.<\/p>\n\n\n\n<p>As viola\u00e7\u00f5es das restri\u00e7\u00f5es foram comprovadas por meio de imagens e mensagens de \u00e1udio, inclusive de um almo\u00e7o coletivo realizado, no \u00faltimo dia 16.<\/p>\n\n\n\n<p><em>\u201cDe uma an\u00e1lise dos informes do of\u00edcio da autoridade p\u00fablica de sa\u00fade, fotografias e \u00e1udio, observa-se que requerido tem praticado condutas violadoras da Lei n\u00b0 13.979\/2020 e do Decreto Municipal n\u00b0 056\/2020 e legisla\u00e7\u00e3o aplic\u00e1vel para enfrentamento da pandemia do Novo Coronav\u00edrus e doen\u00e7a da Covid-19 objetivando prote\u00e7\u00e3o da coletividade\u201d<\/em>, explicou o promotor Jo\u00e3o Neuman.<\/p>\n\n\n\n<p>Com estes apontamentos, a Justi\u00e7a imp\u00f4s multa di\u00e1ria no valor de R$ 1 mil, em caso de descumprimento da ordem, determinou que a Pol\u00edcia Militar e a Policia Civil fa\u00e7am cumprir as medidas estabelecidas no Decreto Municipal e que o Poder P\u00fablico Municipal exer\u00e7a a compet\u00eancia de fechar estabelecimento que esteja em desacordo com as medidas estabelecidas, independente de mandado judicial.<\/p>\n\n\n\n<p>Fonte: afnoticias <\/p>\n","protected":false},"excerpt":{"rendered":"<p>A Justi\u00e7a proferiu decis\u00e3o liminar,&nbsp;nesta ter\u00e7a-feira (19),&nbsp;impedindo que&nbsp;o pastor Claudiney Pereira Alves promova&nbsp;aglomera\u00e7\u00e3o de pessoas em eventos coletivos no munic\u00edpio de Arraias (TO). O pedido judicial foi feito pelo&nbsp;Minist\u00e9rio P\u00fablico do Tocantins. Conforme a Promotoria de Justi\u00e7a de Arraias, a a\u00e7\u00e3o foi proposta\u00a0a partir da not\u00edcia remetida pela Secretaria Municipal de Sa\u00fade informando que o [&hellip;]<\/p>\n","protected":false},"author":2,"featured_media":5740,"comment_status":"open","ping_status":"open","sticky":false,"template":"","format":"standard","meta":[],"categories":[3,5],"tags":[],"_links":{"self":[{"href":"https:\/\/dgospel.com.br\/portal\/index.php\/wp-json\/wp\/v2\/posts\/5739"}],"collection":[{"href":"https:\/\/dgospel.com.br\/portal\/index.php\/wp-json\/wp\/v2\/posts"}],"about":[{"href":"https:\/\/dgospel.com.br\/portal\/index.php\/wp-json\/wp\/v2\/types\/post"}],"author":[{"embeddable":true,"href":"https:\/\/dgospel.com.br\/portal\/index.php\/wp-json\/wp\/v2\/users\/2"}],"replies":[{"embeddable":true,"href":"https:\/\/dgospel.com.br\/portal\/index.php\/wp-json\/wp\/v2\/comments?post=5739"}],"version-history":[{"count":2,"href":"https:\/\/dgospel.com.br\/portal\/index.php\/wp-json\/wp\/v2\/posts\/5739\/revisions"}],"predecessor-version":[{"id":5742,"href":"https:\/\/dgospel.com.br\/portal\/index.php\/wp-json\/wp\/v2\/posts\/5739\/revisions\/5742"}],"wp:featuredmedia":[{"embeddable":true,"href":"https:\/\/dgospel.com.br\/portal\/index.php\/wp-json\/wp\/v2\/media\/5740"}],"wp:attachment":[{"href":"https:\/\/dgospel.com.br\/portal\/index.php\/wp-json\/wp\/v2\/media?parent=5739"}],"wp:term":[{"taxonomy":"category","embeddable":true,"href":"https:\/\/dgospel.com.br\/portal\/index.php\/wp-json\/wp\/v2\/categories?post=5739"},{"taxonomy":"post_tag","embeddable":true,"href":"https:\/\/dgospel.com.br\/portal\/index.php\/wp-json\/wp\/v2\/tags?post=5739"}],"curies":[{"name":"wp","href":"https:\/\/api.w.org\/{rel}","templated":true}]}}