{"id":5747,"date":"2020-05-21T12:19:48","date_gmt":"2020-05-21T15:19:48","guid":{"rendered":"http:\/\/dgospel.com.br\/portal\/?p=5747"},"modified":"2020-05-21T12:19:54","modified_gmt":"2020-05-21T15:19:54","slug":"pastor-neto-nunes-morto-por-covid-19-havia-cedido-vaga-em-uti-a-pacientes-mais-graves-em-fortaleza","status":"publish","type":"post","link":"https:\/\/dgospel.com.br\/portal\/index.php\/2020\/05\/21\/pastor-neto-nunes-morto-por-covid-19-havia-cedido-vaga-em-uti-a-pacientes-mais-graves-em-fortaleza\/","title":{"rendered":"Pastor Neto Nunes, morto por Covid-19 havia cedido vaga em UTI a pacientes mais graves em Fortaleza"},"content":{"rendered":"\n<p>O pastor Neto Nunes faleceu nesta segunda-feira (18) ap\u00f3s ser contaminado pelo novo coronav\u00edrus (<a href=\"https:\/\/guiame.com.br\/gospel\/noticias\/quase-100-mil-pessoas-estao-recuperadas-do-coronavirus-no-brasil.html\"><strong>Covid-19<\/strong><\/a>), mas foi homenageado por um de seus \u00faltimos atos antes de conseguir vaga no Hospital Leonardo da Vinci, em&nbsp;<a href=\"https:\/\/guiame.com.br\/gospel\/mundo-cristao\/igrejas-se-unem-para-dar-apoio-familias-apos-desabamento-de-predio-em-fortaleza.html\"><strong>Fortaleza<\/strong><\/a>, no Cear\u00e1.<\/p>\n\n\n\n<p>Durante o per\u00edodo que passou em uma Unidade de Pronto de Atendimento (UPA), ele recusou leito de UTI em solidariedade a outros pacientes mais graves, informou nesta ter\u00e7a-feira (19) o vereador Ant\u00f4nio Henrique (PDT), presidente da C\u00e2mara Municipal de Fortaleza (CMFor).<\/p>\n\n\n\n<p>\u201cEu estava conversando com a irm\u00e3 do pastor Neto Nunes que me disse que antes dos quatro dias (que ele passou na UPA) surgiu leito de UTI para ele e ele, se achando um pouco mais forte, passava a vez para outra pessoa. Isso mostra inclusive o lado humanit\u00e1rio e crist\u00e3o dele\u201d, disse o vereador.<\/p>\n\n\n\n<p>Ao prestar suas condol\u00eancias na 13\u00ba sess\u00e3o virtual Extraordin\u00e1ria da CMFor, Ant\u00f4nio Henrique contou que o pastor Nunes Neto chegou a ceder sua vaga em UTI por duas vezes.<\/p>\n\n\n\n<p>\u201cEle n\u00e3o estava em uma situa\u00e7\u00e3o confort\u00e1vel, a UPA n\u00e3o tem conforto em virtude da quantidade de pessoas procurando transfer\u00eancia para UTI. Eu lamento a situa\u00e7\u00e3o n\u00e3o s\u00f3 dele como de tantos outros. Mas no caso dele tivemos essa informa\u00e7\u00e3o. Ele vendo a situa\u00e7\u00e3o dele melhor que a de outros, passava a vez\u201d, afirmou o presidente da C\u00e2mara.<\/p>\n\n\n\n<p>Durante a sess\u00e3o, Ant\u00f4nio tamb\u00e9m falou sobre sua proximidade com o pastor e revelou que acompanhou de perto seu quadro de sa\u00fade. \u201cEle era um defensor do isolamento social. Ele cumpriu, mas infelizmente foi acometido e veio a \u00f3bito\u201d, lamentou.<\/p>\n\n\n\n<p>O pastor Neto Nunes era presidente da Conven\u00e7\u00e3o de Igrejas e Ministros das Assembleias de Deus Minist\u00e9rio de Fortaleza no Estado (Cimadec). Ele foi candidato a prefeito de Fortaleza em 2008, pelo PSC. Na \u00e9poca, ele obteve 22.874 votos, ficando na quinta coloca\u00e7\u00e3o entre nove candidaturas. A campanha do pastor ficou marcada pelo slogan \u201cvai dar tudo certo\u201d.<\/p>\n\n\n\n<p>\u201cEle \u00e9 um homem que militava tanto no lado religioso de prega\u00e7\u00e3o e tamb\u00e9m tinha envolvimento pol\u00edtico porque ele acreditava que na pol\u00edtica podemos fazer muito pelas pessoas. \u00c9 uma pessoa que eu fiquei muito chocado (com a morte)\u201d, disse Ant\u00f4nio Henrique.<\/p>\n","protected":false},"excerpt":{"rendered":"<p>O pastor Neto Nunes faleceu nesta segunda-feira (18) ap\u00f3s ser contaminado pelo novo coronav\u00edrus (Covid-19), mas foi homenageado por um de seus \u00faltimos atos antes de conseguir vaga no Hospital Leonardo da Vinci, em&nbsp;Fortaleza, no Cear\u00e1. Durante o per\u00edodo que passou em uma Unidade de Pronto de Atendimento (UPA), ele recusou leito de UTI em [&hellip;]<\/p>\n","protected":false},"author":2,"featured_media":5748,"comment_status":"open","ping_status":"open","sticky":false,"template":"","format":"standard","meta":[],"categories":[5,6],"tags":[],"_links":{"self":[{"href":"https:\/\/dgospel.com.br\/portal\/index.php\/wp-json\/wp\/v2\/posts\/5747"}],"collection":[{"href":"https:\/\/dgospel.com.br\/portal\/index.php\/wp-json\/wp\/v2\/posts"}],"about":[{"href":"https:\/\/dgospel.com.br\/portal\/index.php\/wp-json\/wp\/v2\/types\/post"}],"author":[{"embeddable":true,"href":"https:\/\/dgospel.com.br\/portal\/index.php\/wp-json\/wp\/v2\/users\/2"}],"replies":[{"embeddable":true,"href":"https:\/\/dgospel.com.br\/portal\/index.php\/wp-json\/wp\/v2\/comments?post=5747"}],"version-history":[{"count":1,"href":"https:\/\/dgospel.com.br\/portal\/index.php\/wp-json\/wp\/v2\/posts\/5747\/revisions"}],"predecessor-version":[{"id":5749,"href":"https:\/\/dgospel.com.br\/portal\/index.php\/wp-json\/wp\/v2\/posts\/5747\/revisions\/5749"}],"wp:featuredmedia":[{"embeddable":true,"href":"https:\/\/dgospel.com.br\/portal\/index.php\/wp-json\/wp\/v2\/media\/5748"}],"wp:attachment":[{"href":"https:\/\/dgospel.com.br\/portal\/index.php\/wp-json\/wp\/v2\/media?parent=5747"}],"wp:term":[{"taxonomy":"category","embeddable":true,"href":"https:\/\/dgospel.com.br\/portal\/index.php\/wp-json\/wp\/v2\/categories?post=5747"},{"taxonomy":"post_tag","embeddable":true,"href":"https:\/\/dgospel.com.br\/portal\/index.php\/wp-json\/wp\/v2\/tags?post=5747"}],"curies":[{"name":"wp","href":"https:\/\/api.w.org\/{rel}","templated":true}]}}