{"id":575,"date":"2018-06-19T09:34:29","date_gmt":"2018-06-19T12:34:29","guid":{"rendered":"http:\/\/dgospel.com.br\/portal\/?p=575"},"modified":"2018-06-19T09:34:29","modified_gmt":"2018-06-19T12:34:29","slug":"conselho-de-educacao-e-cultura-da-cgadb-discute-rede-assembleiana-de-ensino","status":"publish","type":"post","link":"https:\/\/dgospel.com.br\/portal\/index.php\/2018\/06\/19\/conselho-de-educacao-e-cultura-da-cgadb-discute-rede-assembleiana-de-ensino\/","title":{"rendered":"Conselho de Educa\u00e7\u00e3o e Cultura da CGADB discute \u00b4Rede Assembleiana de Ensino\u00b4"},"content":{"rendered":"<p>Em prosseguimento \u00e0 pauta de trabalhos da CGADB, liderada pelo pastor Jos\u00e9 Wellington Costa J\u00fanior, nos dias 13 e 14 de junho, nas instala\u00e7\u00f5es da Assembleia de Deus em Campinas (SP), os membros do Comit\u00ea Nacional reuniram-se para discutir o projeto de implanta\u00e7\u00e3o do Col\u00e9gio Assembleiano.<\/p>\n<p>Participaram das reuni\u00e3o, al\u00e9m do anfitri\u00e3o pastor Paulo Freire (SP), os seguintes pastores: Douglas Baptista (DF) &#8211; presidente do Conselho de Educa\u00e7\u00e3o e Cultura (CEC) da CGADB e do Comit\u00ea Nacional; Flauzilino Ara\u00fajo (SP) &#8211; vice presidente do CEC; e os demais membros do Comit\u00ea Nacional Elio Almeida (SP), Jos\u00e9 Ozean (CE), Paulo Roberto (RJ) e Claiton Pommering (SC).<\/p>\n<p>Na pauta dos assuntos destaca-se a proposta de cria\u00e7\u00e3o da &#8220;Rede Assembleiana de Ensino&#8221; que abarcar\u00e1 desde a Educa\u00e7\u00e3o Infantil, Fundamental e M\u00e9dio at\u00e9 o Ensino Superior. Para a efetiva\u00e7\u00e3o do projeto discutiu-se tamb\u00e9m a elabora\u00e7\u00e3o de um Estatuto da Entidade Mantenedora, Regimento Escolar, Projeto Pol\u00edtico Pedag\u00f3gico, Infraestrutura, Material Did\u00e1tico, entre outros temas.<\/p>\n<p>A pr\u00f3xima reuni\u00e3o ser\u00e1 realizada tamb\u00e9m em Campinas, no dia 26 de julho. Nesta data, o projeto ser\u00e1 conclu\u00eddo e encaminhado para a mesa diretora da CGADB para fins de discuss\u00e3o e aprova\u00e7\u00e3o.<\/p>\n<p><strong>Fonte: CEC &#8211; CGADB<\/strong><\/p>\n","protected":false},"excerpt":{"rendered":"<p>Em prosseguimento \u00e0 pauta de trabalhos da CGADB, liderada pelo pastor Jos\u00e9 Wellington Costa J\u00fanior, nos dias 13 e 14 de junho, nas instala\u00e7\u00f5es da Assembleia de Deus em Campinas (SP), os membros do Comit\u00ea Nacional reuniram-se para discutir o projeto de implanta\u00e7\u00e3o do Col\u00e9gio Assembleiano. Participaram das reuni\u00e3o, al\u00e9m do anfitri\u00e3o pastor Paulo Freire [&hellip;]<\/p>\n","protected":false},"author":2,"featured_media":576,"comment_status":"open","ping_status":"open","sticky":false,"template":"","format":"standard","meta":[],"categories":[2,5],"tags":[],"_links":{"self":[{"href":"https:\/\/dgospel.com.br\/portal\/index.php\/wp-json\/wp\/v2\/posts\/575"}],"collection":[{"href":"https:\/\/dgospel.com.br\/portal\/index.php\/wp-json\/wp\/v2\/posts"}],"about":[{"href":"https:\/\/dgospel.com.br\/portal\/index.php\/wp-json\/wp\/v2\/types\/post"}],"author":[{"embeddable":true,"href":"https:\/\/dgospel.com.br\/portal\/index.php\/wp-json\/wp\/v2\/users\/2"}],"replies":[{"embeddable":true,"href":"https:\/\/dgospel.com.br\/portal\/index.php\/wp-json\/wp\/v2\/comments?post=575"}],"version-history":[{"count":1,"href":"https:\/\/dgospel.com.br\/portal\/index.php\/wp-json\/wp\/v2\/posts\/575\/revisions"}],"predecessor-version":[{"id":577,"href":"https:\/\/dgospel.com.br\/portal\/index.php\/wp-json\/wp\/v2\/posts\/575\/revisions\/577"}],"wp:featuredmedia":[{"embeddable":true,"href":"https:\/\/dgospel.com.br\/portal\/index.php\/wp-json\/wp\/v2\/media\/576"}],"wp:attachment":[{"href":"https:\/\/dgospel.com.br\/portal\/index.php\/wp-json\/wp\/v2\/media?parent=575"}],"wp:term":[{"taxonomy":"category","embeddable":true,"href":"https:\/\/dgospel.com.br\/portal\/index.php\/wp-json\/wp\/v2\/categories?post=575"},{"taxonomy":"post_tag","embeddable":true,"href":"https:\/\/dgospel.com.br\/portal\/index.php\/wp-json\/wp\/v2\/tags?post=575"}],"curies":[{"name":"wp","href":"https:\/\/api.w.org\/{rel}","templated":true}]}}