{"id":5750,"date":"2020-05-21T12:29:32","date_gmt":"2020-05-21T15:29:32","guid":{"rendered":"http:\/\/dgospel.com.br\/portal\/?p=5750"},"modified":"2020-05-21T12:29:33","modified_gmt":"2020-05-21T15:29:33","slug":"governo-abre-edital-para-profissionais-da-saude-que-queiram-trabalhar-no-combate-a-covid-19-no-to","status":"publish","type":"post","link":"https:\/\/dgospel.com.br\/portal\/index.php\/2020\/05\/21\/governo-abre-edital-para-profissionais-da-saude-que-queiram-trabalhar-no-combate-a-covid-19-no-to\/","title":{"rendered":"Governo abre edital para profissionais da sa\u00fade que queiram trabalhar no combate a Covid-19 no TO"},"content":{"rendered":"\n<p>A Secretaria de Estado da Sa\u00fade (SES) publicou um chamamento p\u00fablico para cadastrar profissionais da \u00e1rea da sa\u00fade que queiram trabalhar no combate ao coronav\u00edrus no Tocantins. Os contratos ser\u00e3o tempor\u00e1rios e os sal\u00e1rios variam de R$ 1,2 a R$ 10 mil, conforme a fun\u00e7\u00e3o.<\/p>\n\n\n\n<p>O chamamento p\u00fablico vai criar um banco de dados de profissionais da sa\u00fade, que exerceram as fun\u00e7\u00f5es em car\u00e1ter tempor\u00e1rio e excepcional no combate a Covid-19. Os selecionados ser\u00e3o convocados para trabalhar, inicialmente, nos Hospitais de Refer\u00eancia do Estado, mas tamb\u00e9m podem ser destinados aos hospitais de campanha que o governo do Tocantins pretende construir.<\/p>\n\n\n\n<p>As convoca\u00e7\u00f5es ser\u00e3o feitas de acordo com a necessidade da Secretaria de Estado da Sa\u00fade, considerando o car\u00e1ter de urg\u00eancia da pandemia. O contrato de trabalho ter\u00e1 validade de 90 dias, podendo ser prorrogado por igual per\u00edodo, dependendo da necessidade da administra\u00e7\u00e3o p\u00fablica.<\/p>\n\n\n\n<h2>Veja o cargo, sal\u00e1rio e carga hor\u00e1ria:<\/h2>\n\n\n\n<ul><li>Assistente social &#8211; R$ 3.069,71 \u2013 40h<\/li><li>Enfermeiro &#8211; R$ 3.069,71 \u2013 40h<\/li><li>Farmac\u00eautico &#8211; R$ 3.069,71 \u2013 40h<\/li><li>Fisioterapeuta &#8211; R$ 3.071,25 \u2013 30h<\/li><li>Fonoaudi\u00f3logo &#8211; R$ 3.069,71 \u2013 40h<\/li><li>M\u00e9dico &#8211; R$ 10.276,00 \u2013 40h<\/li><li>Nutricionista &#8211; R$ 3.069,71 \u2013 40h<\/li><li>T\u00e9cnico de enfermagem &#8211; R$ 1.256,76 \u2013 40h<\/li><\/ul>\n\n\n\n<p>As inscri\u00e7\u00f5es dever\u00e3o ser feitas&nbsp;<a href=\"http:\/\/formsus.datasus.gov.br\/site\/formulario.php?id_aplicacao=56873\" target=\"_blank\" rel=\"noreferrer noopener\">pela internet<\/a>&nbsp;at\u00e9 as 23h59 do dia 29 de maio de 2020. O profissional s\u00f3 ter\u00e1 direito a uma \u00fanica inscri\u00e7\u00e3o de n\u00edvel e fun\u00e7\u00e3o. Caso seja encontrada mais de uma inscri\u00e7\u00e3o, somente a \u00faltima ser\u00e1 considerada como v\u00e1lida.<\/p>\n\n\n\n<p>O edital com todos os requisitos e documentos necess\u00e1rios est\u00e1 dispon\u00edvel na&nbsp;<a href=\"https:\/\/diariooficial.to.gov.br\/\" target=\"_blank\" rel=\"noreferrer noopener\">edi\u00e7\u00e3o desta quarta-feira (20)&nbsp;<\/a>do Di\u00e1rio Oficial do Estado.<\/p>\n","protected":false},"excerpt":{"rendered":"<p>A Secretaria de Estado da Sa\u00fade (SES) publicou um chamamento p\u00fablico para cadastrar profissionais da \u00e1rea da sa\u00fade que queiram trabalhar no combate ao coronav\u00edrus no Tocantins. Os contratos ser\u00e3o tempor\u00e1rios e os sal\u00e1rios variam de R$ 1,2 a R$ 10 mil, conforme a fun\u00e7\u00e3o. O chamamento p\u00fablico vai criar um banco de dados de [&hellip;]<\/p>\n","protected":false},"author":2,"featured_media":5751,"comment_status":"open","ping_status":"open","sticky":false,"template":"","format":"standard","meta":[],"categories":[4],"tags":[],"_links":{"self":[{"href":"https:\/\/dgospel.com.br\/portal\/index.php\/wp-json\/wp\/v2\/posts\/5750"}],"collection":[{"href":"https:\/\/dgospel.com.br\/portal\/index.php\/wp-json\/wp\/v2\/posts"}],"about":[{"href":"https:\/\/dgospel.com.br\/portal\/index.php\/wp-json\/wp\/v2\/types\/post"}],"author":[{"embeddable":true,"href":"https:\/\/dgospel.com.br\/portal\/index.php\/wp-json\/wp\/v2\/users\/2"}],"replies":[{"embeddable":true,"href":"https:\/\/dgospel.com.br\/portal\/index.php\/wp-json\/wp\/v2\/comments?post=5750"}],"version-history":[{"count":1,"href":"https:\/\/dgospel.com.br\/portal\/index.php\/wp-json\/wp\/v2\/posts\/5750\/revisions"}],"predecessor-version":[{"id":5752,"href":"https:\/\/dgospel.com.br\/portal\/index.php\/wp-json\/wp\/v2\/posts\/5750\/revisions\/5752"}],"wp:featuredmedia":[{"embeddable":true,"href":"https:\/\/dgospel.com.br\/portal\/index.php\/wp-json\/wp\/v2\/media\/5751"}],"wp:attachment":[{"href":"https:\/\/dgospel.com.br\/portal\/index.php\/wp-json\/wp\/v2\/media?parent=5750"}],"wp:term":[{"taxonomy":"category","embeddable":true,"href":"https:\/\/dgospel.com.br\/portal\/index.php\/wp-json\/wp\/v2\/categories?post=5750"},{"taxonomy":"post_tag","embeddable":true,"href":"https:\/\/dgospel.com.br\/portal\/index.php\/wp-json\/wp\/v2\/tags?post=5750"}],"curies":[{"name":"wp","href":"https:\/\/api.w.org\/{rel}","templated":true}]}}