{"id":5753,"date":"2020-05-22T13:15:31","date_gmt":"2020-05-22T16:15:31","guid":{"rendered":"http:\/\/dgospel.com.br\/portal\/?p=5753"},"modified":"2020-05-22T13:15:33","modified_gmt":"2020-05-22T16:15:33","slug":"pastor-e-denunciado-por-usar-carros-para-pregar","status":"publish","type":"post","link":"https:\/\/dgospel.com.br\/portal\/index.php\/2020\/05\/22\/pastor-e-denunciado-por-usar-carros-para-pregar\/","title":{"rendered":"Pastor \u00e9 denunciado por usar carros para pregar"},"content":{"rendered":"\n<p>O Minist\u00e9rio P\u00fablico da Para\u00edba entrou com uma representa\u00e7\u00e3o criminal contra um pastor que circulou pelas ruas da cidade de Bayeux no \u00faltimo domingo (17) com um trio el\u00e9trico, para levar uma mensagem de f\u00e9 \u00e0s pessoas que estavam em suas casas.<\/p>\n\n\n\n<p>A Promotoria de Justi\u00e7a de Bayeux acusa o pastor Eron Cruz, presidente da Igreja Evang\u00e9lica Templo da Adora\u00e7\u00e3o, de ter descumprido medidas restritivas de isolamento social da pandemia da Covid-19.<\/p>\n\n\n\n<p>Na ocasi\u00e3o, o pastor usava um microfone para falar \u00e0 vizinhan\u00e7a, sem contato pr\u00f3ximo com as pessoas. Havia alguns autom\u00f3veis de obreiros acompanhando o trio el\u00e9trico para dar suporte ao pastor, al\u00e9m de pedestres que usavam m\u00e1scaras e estavam distantes uns dos outros.&nbsp;<\/p>\n\n\n\n<p>O pastor Eron realizou a prega\u00e7\u00e3o em cima do trio el\u00e9trico depois de ser impedido de fazer o \u201cculto drive-in\u201d, que seria realizado no domingo. Ele foi avisado por uma liga\u00e7\u00e3o telef\u00f4nica do comandante da 4\u00aa CIPM, Major Targino, que lhe advertiu sobre o teor do decreto publicado no dia anterior.<\/p>\n\n\n\n<p>O decreto estadual 40.242, publicado no \u00faltimo s\u00e1bado (16), pro\u00edbe a realiza\u00e7\u00e3o de missas, cultos e quaisquer cerim\u00f4nias religiosas, em todo o territ\u00f3rio da Para\u00edba, at\u00e9 o dia 31 de maio de 2020.<\/p>\n\n\n\n<p>Na not\u00edcia de fato instaurada pela promotora Fabiana Lobo, foi registrado que \u201co pastor realizou culto em cima de um trio el\u00e9trico, ao lado de cinco integrantes da banda, alguns sem uso de m\u00e1scara, sendo seguido por carreata formada por seus fi\u00e9is. Durante o ato, conforme as fotos e v\u00eddeos postados nas redes sociais do pastor, pessoas sa\u00edram de suas resid\u00eancias e se aglomeraram para participar do culto itinerante\u201d.<\/p>\n\n\n\n<p>Em v\u00eddeo publicado no Instagram ter\u00e7a-feira (19), o pastor Eron Cruz disse que n\u00e3o apoia o descumprimento das leis, tanto que acatou o cancelamento do culto drive-in. \u201cO que apenas fiz foi estar no trio pregando a Palavra. Todos estavam com m\u00e1scaras, \u00e1lcool em gel e as m\u00e3os estavam higienizadas. S\u00f3 havia 8 carros seguindo a gente na carreata, que eram obreiros da nossa igreja\u201d, explica.<\/p>\n\n\n\n<p>\u201cEm momento nenhum queremos confrontar a lei ou o Minist\u00e9rio P\u00fablico, em momento nenhum queremos quebrar o isolamento social. A gente sabe o quanto \u00e9 importante estar em casa e essa foi a nossa inten\u00e7\u00e3o\u201d, continua o pastor.<\/p>\n\n\n\n<p>De acordo com a representante do Minist\u00e9rio P\u00fablico da Para\u00edba, a tecnologia para transmiss\u00e3o online das mensagens poderia ter sido usada, \u201cdispensando-se a presen\u00e7a f\u00edsica em atos religiosos\u201d.<\/p>\n\n\n\n<p>No entanto, o pastor afirma que j\u00e1 tem realizado lives diariamente e decidiu ir \u00e0s ruas depois de atender \u201cmais de 50 pessoas querendo se matar, com crise de s\u00edndrome do p\u00e2nico, sem poder sair de casa\u201d. \u201cA minha inten\u00e7\u00e3o foi sair, levar uma palavra amiga, levar um louvor e aben\u00e7oar aquelas pessoas\u201d, esclarece.<\/p>\n\n\n\n<p>A promotora de Justi\u00e7a determinou a remessa de c\u00f3pias dos autos para o Juizado Especial Criminal de Bayeux, servindo o despacho como representa\u00e7\u00e3o criminal. Ela tamb\u00e9m determinou \u201ca remessa de c\u00f3pias dos autos, via eletr\u00f4nica, para a Procuradoria-Geral do Estado da Para\u00edba, para fins de persegui\u00e7\u00e3o, sendo o caso, das multas administrativas previstas nos decretos estaduais desrespeitados, dolosamente, pelo pastor noticiado\u201d.<\/p>\n\n\n\n<p><strong>Fonte: Guia-me \/ com informa\u00e7\u00f5es G1<\/strong><\/p>\n","protected":false},"excerpt":{"rendered":"<p>O Minist\u00e9rio P\u00fablico da Para\u00edba entrou com uma representa\u00e7\u00e3o criminal contra um pastor que circulou pelas ruas da cidade de Bayeux no \u00faltimo domingo (17) com um trio el\u00e9trico, para levar uma mensagem de f\u00e9 \u00e0s pessoas que estavam em suas casas. A Promotoria de Justi\u00e7a de Bayeux acusa o pastor Eron Cruz, presidente da [&hellip;]<\/p>\n","protected":false},"author":2,"featured_media":5754,"comment_status":"open","ping_status":"open","sticky":false,"template":"","format":"standard","meta":[],"categories":[5,6],"tags":[],"_links":{"self":[{"href":"https:\/\/dgospel.com.br\/portal\/index.php\/wp-json\/wp\/v2\/posts\/5753"}],"collection":[{"href":"https:\/\/dgospel.com.br\/portal\/index.php\/wp-json\/wp\/v2\/posts"}],"about":[{"href":"https:\/\/dgospel.com.br\/portal\/index.php\/wp-json\/wp\/v2\/types\/post"}],"author":[{"embeddable":true,"href":"https:\/\/dgospel.com.br\/portal\/index.php\/wp-json\/wp\/v2\/users\/2"}],"replies":[{"embeddable":true,"href":"https:\/\/dgospel.com.br\/portal\/index.php\/wp-json\/wp\/v2\/comments?post=5753"}],"version-history":[{"count":1,"href":"https:\/\/dgospel.com.br\/portal\/index.php\/wp-json\/wp\/v2\/posts\/5753\/revisions"}],"predecessor-version":[{"id":5755,"href":"https:\/\/dgospel.com.br\/portal\/index.php\/wp-json\/wp\/v2\/posts\/5753\/revisions\/5755"}],"wp:featuredmedia":[{"embeddable":true,"href":"https:\/\/dgospel.com.br\/portal\/index.php\/wp-json\/wp\/v2\/media\/5754"}],"wp:attachment":[{"href":"https:\/\/dgospel.com.br\/portal\/index.php\/wp-json\/wp\/v2\/media?parent=5753"}],"wp:term":[{"taxonomy":"category","embeddable":true,"href":"https:\/\/dgospel.com.br\/portal\/index.php\/wp-json\/wp\/v2\/categories?post=5753"},{"taxonomy":"post_tag","embeddable":true,"href":"https:\/\/dgospel.com.br\/portal\/index.php\/wp-json\/wp\/v2\/tags?post=5753"}],"curies":[{"name":"wp","href":"https:\/\/api.w.org\/{rel}","templated":true}]}}