{"id":5762,"date":"2020-05-25T11:43:15","date_gmt":"2020-05-25T14:43:15","guid":{"rendered":"http:\/\/dgospel.com.br\/portal\/?p=5762"},"modified":"2020-05-25T11:43:16","modified_gmt":"2020-05-25T14:43:16","slug":"braco-direito-de-aras-diz-que-video-nao-prova-interferencia-do-presidente-jair-bolsonaro-na-policia-federal","status":"publish","type":"post","link":"https:\/\/dgospel.com.br\/portal\/index.php\/2020\/05\/25\/braco-direito-de-aras-diz-que-video-nao-prova-interferencia-do-presidente-jair-bolsonaro-na-policia-federal\/","title":{"rendered":"Bra\u00e7o-direito de Aras diz que v\u00eddeo n\u00e3o prova interfer\u00eancia do presidente Jair Bolsonaro na Pol\u00edcia Federal"},"content":{"rendered":"\n<p> O secret\u00e1rio-geral do Minist\u00e9rio P\u00fablico da Uni\u00e3o (MPU), Eitel Santiago, considerado bra\u00e7o-direito do procurador-geral da Rep\u00fablica, Augusto Aras, afirmou em entrevista \u00e0 CNN Brasil que o v\u00eddeo da reuni\u00e3o ministerial n\u00e3o prova qualquer interfer\u00eancia do presidente Jair Bolsonaro na Pol\u00edcia Federal. <\/p>\n\n\n\n<h2><br>Paulo Moura &#8211;&nbsp;25\/05\/2020&nbsp;09h54<\/h2>\n\n\n\n<figure class=\"wp-block-image\"><img src=\"https:\/\/static.cdn.pleno.news\/2020\/05\/reuniao_moro_bolsonaro-1-1024x683.jpg\" alt=\"\" class=\"wp-image-521073\"\/><figcaption>Reuni\u00e3o ministerial do governo virou alvo de investiga\u00e7\u00e3o&nbsp;Foto: Reprodu\u00e7\u00e3o<\/figcaption><\/figure>\n\n\n\n<figure><iframe><\/iframe><\/figure>\n\n\n\n<p>O secret\u00e1rio-geral do Minist\u00e9rio P\u00fablico da Uni\u00e3o (MPU), Eitel Santiago, considerado bra\u00e7o-direito do procurador-geral da Rep\u00fablica, Augusto Aras, afirmou em entrevista \u00e0 CNN Brasil que o v\u00eddeo da reuni\u00e3o ministerial n\u00e3o prova qualquer interfer\u00eancia do presidente Jair Bolsonaro na Pol\u00edcia Federal.PUBLICIDADE<\/p>\n\n\n\n\n\n<p>\u2013 Vi o v\u00eddeo e nele n\u00e3o aparece qualquer ind\u00edcio de interfer\u00eancia do Presidente em alguma investiga\u00e7\u00e3o que esteja em curso. Sobre o tema, o v\u00eddeo \u00e9 um risco na \u00e1gua \u2013 disse.<\/p>\n\n\n\n<p>Santiago tamb\u00e9m discordou da fala do ex-procurador-geral da Rep\u00fablica, Cl\u00e1udio Fonteles, que afirmou que viu provas de interfer\u00eancia, e disse que Fonteles era \u201csimpatizante do PT\u201d quando estava na PGR.<\/p>\n\n\n\n<p>\u2013 Not\u00f3rio simpatizante do PT, quando era PGR, Fonteles deixou que a paix\u00e3o pol\u00edtica contaminasse a pr\u00f3pria atua\u00e7\u00e3o dele na chefia do MPF. Por isso, ele impediu uma investiga\u00e7\u00e3o logo no in\u00edcio do Governo Lula \u2013 declarou.<\/p>\n\n\n\n<p>O chefe do MPU tamb\u00e9m disse que qualquer tentativa de apreender o celular do presidente Jair Bolsonaro deve ser \u201crepelida\u201d e que j\u00e1 existe uma jurisprud\u00eancia na pr\u00f3pria Suprema Corte que impede tal decis\u00e3o.<\/p>\n\n\n\n<p>\u2013 O ministro Edson Fachin negou, no passado, o pedido da Pol\u00edcia Federal para quebrar o sigilo telef\u00f4nico do presidente Michel Temer, em inqu\u00e9rito instaurado contra ele. A determina\u00e7\u00e3o parece que pode afrontar a excepcional prerrogativa que o chefe de Estado da Rep\u00fablica Federativa do Brasil tem de preservar o sigilo de suas comunica\u00e7\u00f5es \u2013 completou.<\/p>\n\n\n\n<p>Fonte: pleno.news<\/p>\n","protected":false},"excerpt":{"rendered":"<p>O secret\u00e1rio-geral do Minist\u00e9rio P\u00fablico da Uni\u00e3o (MPU), Eitel Santiago, considerado bra\u00e7o-direito do procurador-geral da Rep\u00fablica, Augusto Aras, afirmou em entrevista \u00e0 CNN Brasil que o v\u00eddeo da reuni\u00e3o ministerial n\u00e3o prova qualquer interfer\u00eancia do presidente Jair Bolsonaro na Pol\u00edcia Federal. Paulo Moura &#8211;&nbsp;25\/05\/2020&nbsp;09h54 O secret\u00e1rio-geral do Minist\u00e9rio P\u00fablico da Uni\u00e3o (MPU), Eitel Santiago, considerado [&hellip;]<\/p>\n","protected":false},"author":2,"featured_media":5763,"comment_status":"open","ping_status":"open","sticky":false,"template":"","format":"standard","meta":[],"categories":[6,4],"tags":[],"_links":{"self":[{"href":"https:\/\/dgospel.com.br\/portal\/index.php\/wp-json\/wp\/v2\/posts\/5762"}],"collection":[{"href":"https:\/\/dgospel.com.br\/portal\/index.php\/wp-json\/wp\/v2\/posts"}],"about":[{"href":"https:\/\/dgospel.com.br\/portal\/index.php\/wp-json\/wp\/v2\/types\/post"}],"author":[{"embeddable":true,"href":"https:\/\/dgospel.com.br\/portal\/index.php\/wp-json\/wp\/v2\/users\/2"}],"replies":[{"embeddable":true,"href":"https:\/\/dgospel.com.br\/portal\/index.php\/wp-json\/wp\/v2\/comments?post=5762"}],"version-history":[{"count":1,"href":"https:\/\/dgospel.com.br\/portal\/index.php\/wp-json\/wp\/v2\/posts\/5762\/revisions"}],"predecessor-version":[{"id":5764,"href":"https:\/\/dgospel.com.br\/portal\/index.php\/wp-json\/wp\/v2\/posts\/5762\/revisions\/5764"}],"wp:featuredmedia":[{"embeddable":true,"href":"https:\/\/dgospel.com.br\/portal\/index.php\/wp-json\/wp\/v2\/media\/5763"}],"wp:attachment":[{"href":"https:\/\/dgospel.com.br\/portal\/index.php\/wp-json\/wp\/v2\/media?parent=5762"}],"wp:term":[{"taxonomy":"category","embeddable":true,"href":"https:\/\/dgospel.com.br\/portal\/index.php\/wp-json\/wp\/v2\/categories?post=5762"},{"taxonomy":"post_tag","embeddable":true,"href":"https:\/\/dgospel.com.br\/portal\/index.php\/wp-json\/wp\/v2\/tags?post=5762"}],"curies":[{"name":"wp","href":"https:\/\/api.w.org\/{rel}","templated":true}]}}