{"id":5765,"date":"2020-05-25T11:47:02","date_gmt":"2020-05-25T14:47:02","guid":{"rendered":"http:\/\/dgospel.com.br\/portal\/?p=5765"},"modified":"2020-05-25T11:47:03","modified_gmt":"2020-05-25T14:47:03","slug":"estados-unidos-irao-doar-mil-respiradores-ao-brasil","status":"publish","type":"post","link":"https:\/\/dgospel.com.br\/portal\/index.php\/2020\/05\/25\/estados-unidos-irao-doar-mil-respiradores-ao-brasil\/","title":{"rendered":"Estados Unidos ir\u00e3o doar mil respiradores ao Brasil"},"content":{"rendered":"\n<p>O ministro das Rela\u00e7\u00f5es Exteriores Ernesto Ara\u00fajo anunciou, neste domingo (24), que os Estados Unidos ir\u00e3o doar 1 mil respiradores ao Brasil. Ara\u00fajo comemorou o gesto.<\/p>\n\n\n\n<p>\u2013 Em conversa hoje com representantes da Casa Branca, dentro da \u00f3tima coopera\u00e7\u00e3o Brasil-EUA no combate ao Covid-19, recebi a not\u00edcia de que o presidente Donald Trump determinou a doa\u00e7\u00e3o de 1.000 respiradores ao Brasil. Parceria produtiva entre duas grandes democracias \u2013 escreveu.<\/p>\n\n\n\n<p>Nesta semana, a Organiza\u00e7\u00e3o Mundial da Sa\u00fade afirmou que a Am\u00e9rica do Sul \u00e9 o novo epicentro da pandemia da Covid-19. A OMS destacou ainda a situa\u00e7\u00e3o do Brasil, que \u00e9 o pa\u00eds mais atingido da regi\u00e3o, com mais de 22 mil mortos e 350 mil infectados.<br><\/p>\n\n\n\n<p>Fonte: pleno.news<\/p>\n","protected":false},"excerpt":{"rendered":"<p>O ministro das Rela\u00e7\u00f5es Exteriores Ernesto Ara\u00fajo anunciou, neste domingo (24), que os Estados Unidos ir\u00e3o doar 1 mil respiradores ao Brasil. Ara\u00fajo comemorou o gesto. \u2013 Em conversa hoje com representantes da Casa Branca, dentro da \u00f3tima coopera\u00e7\u00e3o Brasil-EUA no combate ao Covid-19, recebi a not\u00edcia de que o presidente Donald Trump determinou a [&hellip;]<\/p>\n","protected":false},"author":2,"featured_media":5766,"comment_status":"open","ping_status":"open","sticky":false,"template":"","format":"standard","meta":[],"categories":[4,1],"tags":[],"_links":{"self":[{"href":"https:\/\/dgospel.com.br\/portal\/index.php\/wp-json\/wp\/v2\/posts\/5765"}],"collection":[{"href":"https:\/\/dgospel.com.br\/portal\/index.php\/wp-json\/wp\/v2\/posts"}],"about":[{"href":"https:\/\/dgospel.com.br\/portal\/index.php\/wp-json\/wp\/v2\/types\/post"}],"author":[{"embeddable":true,"href":"https:\/\/dgospel.com.br\/portal\/index.php\/wp-json\/wp\/v2\/users\/2"}],"replies":[{"embeddable":true,"href":"https:\/\/dgospel.com.br\/portal\/index.php\/wp-json\/wp\/v2\/comments?post=5765"}],"version-history":[{"count":1,"href":"https:\/\/dgospel.com.br\/portal\/index.php\/wp-json\/wp\/v2\/posts\/5765\/revisions"}],"predecessor-version":[{"id":5767,"href":"https:\/\/dgospel.com.br\/portal\/index.php\/wp-json\/wp\/v2\/posts\/5765\/revisions\/5767"}],"wp:featuredmedia":[{"embeddable":true,"href":"https:\/\/dgospel.com.br\/portal\/index.php\/wp-json\/wp\/v2\/media\/5766"}],"wp:attachment":[{"href":"https:\/\/dgospel.com.br\/portal\/index.php\/wp-json\/wp\/v2\/media?parent=5765"}],"wp:term":[{"taxonomy":"category","embeddable":true,"href":"https:\/\/dgospel.com.br\/portal\/index.php\/wp-json\/wp\/v2\/categories?post=5765"},{"taxonomy":"post_tag","embeddable":true,"href":"https:\/\/dgospel.com.br\/portal\/index.php\/wp-json\/wp\/v2\/tags?post=5765"}],"curies":[{"name":"wp","href":"https:\/\/api.w.org\/{rel}","templated":true}]}}