{"id":5771,"date":"2020-05-25T13:10:09","date_gmt":"2020-05-25T16:10:09","guid":{"rendered":"http:\/\/dgospel.com.br\/portal\/?p=5771"},"modified":"2020-05-25T13:10:10","modified_gmt":"2020-05-25T16:10:10","slug":"militares-apoiam-general-augusto-heleno-sobre-celular-de-bolsonaro","status":"publish","type":"post","link":"https:\/\/dgospel.com.br\/portal\/index.php\/2020\/05\/25\/militares-apoiam-general-augusto-heleno-sobre-celular-de-bolsonaro\/","title":{"rendered":"Militares apoiam general Augusto Heleno sobre celular de Bolsonaro"},"content":{"rendered":"\n<figure><iframe><\/iframe><\/figure>\n\n\n\n<p>O ministro da Defesa, Fernando Azevedo, concorda com a nota\nemitida na sexta (22) pelo general Augusto Heleno, na qual o chefe do Gabinete\nde Seguran\u00e7a Institucional falou de \u201cconsequ\u00eancias imprevis\u00edveis para a\nestabilidade nacional\u201d por ato do Supremo Tribunal Federal.\n\n\n\n<\/p>\n\n\n\n<p>Heleno criticou o envio para avalia\u00e7\u00e3o da Procuradoria-Geral da\nRep\u00fablica (PGR), pelo ministro Celso de Mello, de um pedido para apreens\u00e3o dos\ncelulares do Jair Bolsonaro e de seu filho Carlos, no \u00e2mbito do inqu\u00e9rito que\napura suposta interfer\u00eancia pol\u00edtica do presidente na Pol\u00edcia Federal.<\/p>\n\n\n\n<p>Segundo ele, contudo, tais\nconsequ\u00eancias n\u00e3o seriam um golpe ou uma interven\u00e7\u00e3o militar, mas sim uma crise\ninstitucional.<\/p>\n\n\n\n<p>Para Azevedo, ela existe como\nrisco, j\u00e1 que considera que a harmonia entre Poderes \u00e9 \u201cuma via de m\u00e3o dupla\u201d.<\/p>\n\n\n\n<p>No entender do ministro, que\nfalou primeiro sobre o caso na noite de sexta \u00e0 CNN Brasil, o celular do\npresidente \u00e9 uma quest\u00e3o de \u201cseguran\u00e7a institucional\u201d. Ele afirmou estar\n\u201cbastante preocupado com o clima de tens\u00e3o entre os Poderes\u201d.<\/p>\n\n\n\n<p>No \u00faltimo m\u00eas, o ministro editou\nduas notas reafirmando o compromisso das For\u00e7as com a Constitui\u00e7\u00e3o. Tamb\u00e9m\nexortou a coexist\u00eancia entre Poderes, num recado ao Supremo e ao Congresso.<\/p>\n\n\n\n<p>Como o jornal Folha de S.Paulo\nmostrou, uma s\u00e9rie de decis\u00f5es contr\u00e1rias ao presidente, no Legislativo mas\nprincipalmente no Judici\u00e1rio, est\u00e3o sendo vistas como excessivas pelos\nfardados. At\u00e9 aqui, a mais grave na vis\u00e3o deles fora a liminar barrando a posse\nde Alexandre Ramagem na PF.<\/p>\n\n\n\n<p>*Folhapress<\/p>\n\n\n\n<p><\/p>\n","protected":false},"excerpt":{"rendered":"<p>O ministro da Defesa, Fernando Azevedo, concorda com a nota emitida na sexta (22) pelo general Augusto Heleno, na qual o chefe do Gabinete de Seguran\u00e7a Institucional falou de \u201cconsequ\u00eancias imprevis\u00edveis para a estabilidade nacional\u201d por ato do Supremo Tribunal Federal. Heleno criticou o envio para avalia\u00e7\u00e3o da Procuradoria-Geral da Rep\u00fablica (PGR), pelo ministro Celso [&hellip;]<\/p>\n","protected":false},"author":2,"featured_media":5772,"comment_status":"open","ping_status":"open","sticky":false,"template":"","format":"standard","meta":[],"categories":[6,4],"tags":[],"_links":{"self":[{"href":"https:\/\/dgospel.com.br\/portal\/index.php\/wp-json\/wp\/v2\/posts\/5771"}],"collection":[{"href":"https:\/\/dgospel.com.br\/portal\/index.php\/wp-json\/wp\/v2\/posts"}],"about":[{"href":"https:\/\/dgospel.com.br\/portal\/index.php\/wp-json\/wp\/v2\/types\/post"}],"author":[{"embeddable":true,"href":"https:\/\/dgospel.com.br\/portal\/index.php\/wp-json\/wp\/v2\/users\/2"}],"replies":[{"embeddable":true,"href":"https:\/\/dgospel.com.br\/portal\/index.php\/wp-json\/wp\/v2\/comments?post=5771"}],"version-history":[{"count":1,"href":"https:\/\/dgospel.com.br\/portal\/index.php\/wp-json\/wp\/v2\/posts\/5771\/revisions"}],"predecessor-version":[{"id":5773,"href":"https:\/\/dgospel.com.br\/portal\/index.php\/wp-json\/wp\/v2\/posts\/5771\/revisions\/5773"}],"wp:featuredmedia":[{"embeddable":true,"href":"https:\/\/dgospel.com.br\/portal\/index.php\/wp-json\/wp\/v2\/media\/5772"}],"wp:attachment":[{"href":"https:\/\/dgospel.com.br\/portal\/index.php\/wp-json\/wp\/v2\/media?parent=5771"}],"wp:term":[{"taxonomy":"category","embeddable":true,"href":"https:\/\/dgospel.com.br\/portal\/index.php\/wp-json\/wp\/v2\/categories?post=5771"},{"taxonomy":"post_tag","embeddable":true,"href":"https:\/\/dgospel.com.br\/portal\/index.php\/wp-json\/wp\/v2\/tags?post=5771"}],"curies":[{"name":"wp","href":"https:\/\/api.w.org\/{rel}","templated":true}]}}