{"id":5774,"date":"2020-05-25T13:40:52","date_gmt":"2020-05-25T16:40:52","guid":{"rendered":"http:\/\/dgospel.com.br\/portal\/?p=5774"},"modified":"2020-05-25T13:40:53","modified_gmt":"2020-05-25T16:40:53","slug":"covid-19-municipios-ja-adotam-tratamento-utilizados-no-hospital-de-floriano-pi-em-pacientes-infectados-pelo-coronavirus","status":"publish","type":"post","link":"https:\/\/dgospel.com.br\/portal\/index.php\/2020\/05\/25\/covid-19-municipios-ja-adotam-tratamento-utilizados-no-hospital-de-floriano-pi-em-pacientes-infectados-pelo-coronavirus\/","title":{"rendered":"Covid 19 &#8211; Munic\u00edpios j\u00e1 adotam tratamento utilizados no hospital de Floriano (PI) em pacientes infectados pelo coronav\u00edrus"},"content":{"rendered":"\n<p>O tratamento utilizado em pacientes infectados pelo novo coronav\u00edrus no Hospital Regional Tib\u00e9rio Nunes, localizado no munic\u00edpio de Floriano (PI), j\u00e1 \u00e9 refer\u00eancia para outros munic\u00edpios brasileiros. &nbsp;A unidade adotou um novo protocolo cl\u00ednico ap\u00f3s a apresenta\u00e7\u00e3o de resultados positivos em pacientes com a Covid-19.<br>O tratamento consiste na associa\u00e7\u00e3o de dois medicamentos. O uso da hidroxicloroquina associado \u00e0 azitromicina, na primeira fase doen\u00e7a, e da inje\u00e7\u00e3o de corticoides na segunda fase.<\/p>\n\n\n\n<p>O tratamento oferecido no Hospital Regional Tib\u00e9rio Nunes foi trazido por uma m\u00e9dica brasileira que atualmente trabalha no Hospital HM Puerta Del Sur, em Madrid, na Espanha.&nbsp;<\/p>\n\n\n\n<p>O protocolo utilizado no Hospital Regional Tib\u00e9rio Nunes chamou a aten\u00e7\u00e3o da ministra da Mulher, Fam\u00edlia e dos Direitos Humanos, Damares Alves, que foi \u00e0 cidade conferir o trabalho desenvolvido no hospital. Segundo a ministra, o tratamento ser\u00e1 ampliado a outros munic\u00edpios brasileiros.&nbsp;<\/p>\n\n\n\n<p>O uso da hidroxicloroquina, associada ou n\u00e3o a outros medicamentos, ainda \u00e9 controverso entre as autoridades da \u00e1rea da sa\u00fade. Ainda n\u00e3o existe um estudo cientifico que comprove a efic\u00e1cia do rem\u00e9dio no combate \u00e0 Covid-19. O Conselho Federal de Medicina (CFM) indicou o uso da cloroquina e hidroxicloroquina em pacientes com o coronav\u00edrus a crit\u00e9rio m\u00e9dico e apenas com o consentimento dos pacientes em tratamento.<\/p>\n\n\n\n<p>Para mais informa\u00e7\u00f5es acesse: www.saude.pi.gov.br<\/p>\n","protected":false},"excerpt":{"rendered":"<p>O tratamento utilizado em pacientes infectados pelo novo coronav\u00edrus no Hospital Regional Tib\u00e9rio Nunes, localizado no munic\u00edpio de Floriano (PI), j\u00e1 \u00e9 refer\u00eancia para outros munic\u00edpios brasileiros. &nbsp;A unidade adotou um novo protocolo cl\u00ednico ap\u00f3s a apresenta\u00e7\u00e3o de resultados positivos em pacientes com a Covid-19.O tratamento consiste na associa\u00e7\u00e3o de dois medicamentos. O uso da [&hellip;]<\/p>\n","protected":false},"author":2,"featured_media":5775,"comment_status":"open","ping_status":"open","sticky":false,"template":"","format":"standard","meta":[],"categories":[6,4],"tags":[],"_links":{"self":[{"href":"https:\/\/dgospel.com.br\/portal\/index.php\/wp-json\/wp\/v2\/posts\/5774"}],"collection":[{"href":"https:\/\/dgospel.com.br\/portal\/index.php\/wp-json\/wp\/v2\/posts"}],"about":[{"href":"https:\/\/dgospel.com.br\/portal\/index.php\/wp-json\/wp\/v2\/types\/post"}],"author":[{"embeddable":true,"href":"https:\/\/dgospel.com.br\/portal\/index.php\/wp-json\/wp\/v2\/users\/2"}],"replies":[{"embeddable":true,"href":"https:\/\/dgospel.com.br\/portal\/index.php\/wp-json\/wp\/v2\/comments?post=5774"}],"version-history":[{"count":1,"href":"https:\/\/dgospel.com.br\/portal\/index.php\/wp-json\/wp\/v2\/posts\/5774\/revisions"}],"predecessor-version":[{"id":5776,"href":"https:\/\/dgospel.com.br\/portal\/index.php\/wp-json\/wp\/v2\/posts\/5774\/revisions\/5776"}],"wp:featuredmedia":[{"embeddable":true,"href":"https:\/\/dgospel.com.br\/portal\/index.php\/wp-json\/wp\/v2\/media\/5775"}],"wp:attachment":[{"href":"https:\/\/dgospel.com.br\/portal\/index.php\/wp-json\/wp\/v2\/media?parent=5774"}],"wp:term":[{"taxonomy":"category","embeddable":true,"href":"https:\/\/dgospel.com.br\/portal\/index.php\/wp-json\/wp\/v2\/categories?post=5774"},{"taxonomy":"post_tag","embeddable":true,"href":"https:\/\/dgospel.com.br\/portal\/index.php\/wp-json\/wp\/v2\/tags?post=5774"}],"curies":[{"name":"wp","href":"https:\/\/api.w.org\/{rel}","templated":true}]}}