{"id":5781,"date":"2020-05-27T11:54:38","date_gmt":"2020-05-27T14:54:38","guid":{"rendered":"http:\/\/dgospel.com.br\/portal\/?p=5781"},"modified":"2020-05-27T11:54:39","modified_gmt":"2020-05-27T14:54:39","slug":"brasil-e-uniao-europeia-fecham-parceria-em-pesquisas-contra-a-covid-19","status":"publish","type":"post","link":"https:\/\/dgospel.com.br\/portal\/index.php\/2020\/05\/27\/brasil-e-uniao-europeia-fecham-parceria-em-pesquisas-contra-a-covid-19\/","title":{"rendered":"Brasil e Uni\u00e3o Europeia fecham parceria em pesquisas contra a Covid-19"},"content":{"rendered":"\n<p>Pesquisadores do Brasil e da Uni\u00e3o Europeia v\u00e3o trabalhar juntos em estudos sobre a Covid-19. A partir da parceria ser\u00e3o desenvolvidas pesquisas na \u00e1rea de diagn\u00f3stico, tratamento da doen\u00e7a e desenvolvimento de vacinas contra o novo coronav\u00edrus.<\/p>\n\n\n\n<p>Foram selecionados 12 projetos de pesquisa por meio do programa de coopera\u00e7\u00e3o \u201cFomentando Atividades de Gemina\u00e7\u00e3o em Ci\u00eancia, Tecnologia e Inova\u00e7\u00e3o\u201d. Desses, seis s\u00e3o relacionados ao combate \u00e0 Covid-19. O restante trata de temas como agricultura, meio ambiente e energia. O programa foi criado em 2019 como uma pol\u00edtica de coopera\u00e7\u00e3o internacional com a Uni\u00e3o Europ\u00e9ia.&nbsp;<\/p>\n\n\n\n<p>O an\u00fancio foi feito ministro da Ci\u00eancia, Tecnologia, Inova\u00e7\u00f5es e Comunica\u00e7\u00f5es, Marcos Pontes, durante uma videoconfer\u00eancia. Ele destacou que cientistas de todos os pa\u00edses est\u00e3o empenhados em encontrar solu\u00e7\u00f5es contra o novo coronav\u00edrus.<\/p>\n","protected":false},"excerpt":{"rendered":"<p>Pesquisadores do Brasil e da Uni\u00e3o Europeia v\u00e3o trabalhar juntos em estudos sobre a Covid-19. A partir da parceria ser\u00e3o desenvolvidas pesquisas na \u00e1rea de diagn\u00f3stico, tratamento da doen\u00e7a e desenvolvimento de vacinas contra o novo coronav\u00edrus. Foram selecionados 12 projetos de pesquisa por meio do programa de coopera\u00e7\u00e3o \u201cFomentando Atividades de Gemina\u00e7\u00e3o em Ci\u00eancia, [&hellip;]<\/p>\n","protected":false},"author":2,"featured_media":5782,"comment_status":"open","ping_status":"open","sticky":false,"template":"","format":"standard","meta":[],"categories":[4,1],"tags":[],"_links":{"self":[{"href":"https:\/\/dgospel.com.br\/portal\/index.php\/wp-json\/wp\/v2\/posts\/5781"}],"collection":[{"href":"https:\/\/dgospel.com.br\/portal\/index.php\/wp-json\/wp\/v2\/posts"}],"about":[{"href":"https:\/\/dgospel.com.br\/portal\/index.php\/wp-json\/wp\/v2\/types\/post"}],"author":[{"embeddable":true,"href":"https:\/\/dgospel.com.br\/portal\/index.php\/wp-json\/wp\/v2\/users\/2"}],"replies":[{"embeddable":true,"href":"https:\/\/dgospel.com.br\/portal\/index.php\/wp-json\/wp\/v2\/comments?post=5781"}],"version-history":[{"count":1,"href":"https:\/\/dgospel.com.br\/portal\/index.php\/wp-json\/wp\/v2\/posts\/5781\/revisions"}],"predecessor-version":[{"id":5783,"href":"https:\/\/dgospel.com.br\/portal\/index.php\/wp-json\/wp\/v2\/posts\/5781\/revisions\/5783"}],"wp:featuredmedia":[{"embeddable":true,"href":"https:\/\/dgospel.com.br\/portal\/index.php\/wp-json\/wp\/v2\/media\/5782"}],"wp:attachment":[{"href":"https:\/\/dgospel.com.br\/portal\/index.php\/wp-json\/wp\/v2\/media?parent=5781"}],"wp:term":[{"taxonomy":"category","embeddable":true,"href":"https:\/\/dgospel.com.br\/portal\/index.php\/wp-json\/wp\/v2\/categories?post=5781"},{"taxonomy":"post_tag","embeddable":true,"href":"https:\/\/dgospel.com.br\/portal\/index.php\/wp-json\/wp\/v2\/tags?post=5781"}],"curies":[{"name":"wp","href":"https:\/\/api.w.org\/{rel}","templated":true}]}}