{"id":5784,"date":"2020-05-27T12:11:39","date_gmt":"2020-05-27T15:11:39","guid":{"rendered":"http:\/\/dgospel.com.br\/portal\/?p=5784"},"modified":"2020-05-27T12:11:41","modified_gmt":"2020-05-27T15:11:41","slug":"pl-de-valderez-cria-auxilio-para-taxistas-mototaxistas-motoristas-escolares-e-ubers","status":"publish","type":"post","link":"https:\/\/dgospel.com.br\/portal\/index.php\/2020\/05\/27\/pl-de-valderez-cria-auxilio-para-taxistas-mototaxistas-motoristas-escolares-e-ubers\/","title":{"rendered":"PL de Valderez cria aux\u00edlio para taxistas, mototaxistas, motoristas escolares e ubers"},"content":{"rendered":"\n<p>Os trabalhadores do setor de transporte podem ser beneficiados pela cria\u00e7\u00e3o do Programa de Aux\u00edlio Emergencial, durante os efeitos da situa\u00e7\u00e3o de calamidade p\u00fablica no Tocantins, causados pela pandemia do novo coronav\u00edrus (COVID-19). O Projeto de Lei (PL) foi apresentado pela deputada estadual, Valderez Castelo Branco (Progressistas), nesta ter\u00e7a-feira (26), no plen\u00e1rio da Assembleia Legislativa do Estado (Alto).<\/p>\n\n\n\n<p>A proposta busca amparar homens e mulheres que atuam como motoristas em aplicativos, t\u00e1xis, moto t\u00e1xis e transporte escolar, por meio de um aux\u00edlio emergencial equivalente a um sal\u00e1rio m\u00ednimo. Ter\u00e3o direito todos os trabalhadores regularmente inscritos e cadastrados nos \u00f3rg\u00e3os respons\u00e1veis, especialmente o ente federativo.<\/p>\n\n\n\n<p>Caber\u00e1 ao Poder Executivo adotar medidas regulament\u00e1rias para garantir o recebimento de maneira c\u00e9lere pelos benefici\u00e1rios abrangidos, enquanto perdurar o per\u00edodo estabelecido na Lei.<\/p>\n\n\n\n<p>Para Valderez, o servi\u00e7o de transportes foi um dos setores mais atingidos pela escassez de passageiros devido a suspens\u00e3o de atividades como as aulas nas escolas p\u00fablicas e privadas. \u201cEntendemos que o programa do governo federal pode contemplar parte da categoria, mas tememos que o valor recebido n\u00e3o seja suficiente para atender as necessidades, uma vez que a grande maioria destes trabalhadores possui despesas como mensalidade de financiamento e manuten\u00e7\u00e3o\u201d, declarou a parlamentar.<\/p>\n","protected":false},"excerpt":{"rendered":"<p>Os trabalhadores do setor de transporte podem ser beneficiados pela cria\u00e7\u00e3o do Programa de Aux\u00edlio Emergencial, durante os efeitos da situa\u00e7\u00e3o de calamidade p\u00fablica no Tocantins, causados pela pandemia do novo coronav\u00edrus (COVID-19). O Projeto de Lei (PL) foi apresentado pela deputada estadual, Valderez Castelo Branco (Progressistas), nesta ter\u00e7a-feira (26), no plen\u00e1rio da Assembleia Legislativa [&hellip;]<\/p>\n","protected":false},"author":2,"featured_media":5785,"comment_status":"open","ping_status":"open","sticky":false,"template":"","format":"standard","meta":[],"categories":[8],"tags":[],"_links":{"self":[{"href":"https:\/\/dgospel.com.br\/portal\/index.php\/wp-json\/wp\/v2\/posts\/5784"}],"collection":[{"href":"https:\/\/dgospel.com.br\/portal\/index.php\/wp-json\/wp\/v2\/posts"}],"about":[{"href":"https:\/\/dgospel.com.br\/portal\/index.php\/wp-json\/wp\/v2\/types\/post"}],"author":[{"embeddable":true,"href":"https:\/\/dgospel.com.br\/portal\/index.php\/wp-json\/wp\/v2\/users\/2"}],"replies":[{"embeddable":true,"href":"https:\/\/dgospel.com.br\/portal\/index.php\/wp-json\/wp\/v2\/comments?post=5784"}],"version-history":[{"count":1,"href":"https:\/\/dgospel.com.br\/portal\/index.php\/wp-json\/wp\/v2\/posts\/5784\/revisions"}],"predecessor-version":[{"id":5786,"href":"https:\/\/dgospel.com.br\/portal\/index.php\/wp-json\/wp\/v2\/posts\/5784\/revisions\/5786"}],"wp:featuredmedia":[{"embeddable":true,"href":"https:\/\/dgospel.com.br\/portal\/index.php\/wp-json\/wp\/v2\/media\/5785"}],"wp:attachment":[{"href":"https:\/\/dgospel.com.br\/portal\/index.php\/wp-json\/wp\/v2\/media?parent=5784"}],"wp:term":[{"taxonomy":"category","embeddable":true,"href":"https:\/\/dgospel.com.br\/portal\/index.php\/wp-json\/wp\/v2\/categories?post=5784"},{"taxonomy":"post_tag","embeddable":true,"href":"https:\/\/dgospel.com.br\/portal\/index.php\/wp-json\/wp\/v2\/tags?post=5784"}],"curies":[{"name":"wp","href":"https:\/\/api.w.org\/{rel}","templated":true}]}}