{"id":5787,"date":"2020-05-27T15:57:26","date_gmt":"2020-05-27T18:57:26","guid":{"rendered":"http:\/\/dgospel.com.br\/portal\/?p=5787"},"modified":"2020-05-27T15:57:27","modified_gmt":"2020-05-27T18:57:27","slug":"agrotins-100-digital-traz-palestra-sobre-a-tecnologia-no-campo-em-tempos-de-pandemia","status":"publish","type":"post","link":"https:\/\/dgospel.com.br\/portal\/index.php\/2020\/05\/27\/agrotins-100-digital-traz-palestra-sobre-a-tecnologia-no-campo-em-tempos-de-pandemia\/","title":{"rendered":"Agrotins 100% Digital traz palestra sobre a tecnologia no campo em tempos de pandemia"},"content":{"rendered":"\n<p>A Feira Agrotecnol\u00f3gica do Tocantins \u2013 Agrotins 2020 100% Digital mostra aos produtores e visitantes, ao vivo, \u00e0s 15 horas, na plataforma&nbsp;<a href=\"http:\/\/agrotins.to.gov.br\/\" target=\"_blank\" rel=\"noreferrer noopener\">Agrotins.to.gov.br<\/a>, a palestra Tecnologia no Campo em Tempos de Pandemia, um enfrentamento para tomadas de decis\u00f5es no meio rural. A feira, a primeira a ser realizada neste formato digital no pa\u00eds, teve in\u00edcio na manh\u00e3 desta quarta-feira, 27, e prosegue at\u00e9 a sexta-feira, 29.<\/p>\n\n\n\n<p>Especialistas da Secretaria de Estado da Agricultura, Pecu\u00e1ria e Aquicultura (Seagro), em parceria com a Unicat\u00f3lica do Tocantins, v\u00e3o apresentar as vantagens da aplica\u00e7\u00e3o das tecnologias no meio rural. \u201cNa explana\u00e7\u00e3o vamos mostrar de forma correta as estrat\u00e9gias para ajudar a diminuir custos e melhorar a produ\u00e7\u00e3o no campo. As tecnologias trazem vantagens para os agricultores, seja ele, pequeno, m\u00e9dio e de grande porte\u201d, afirmou o professor de Tecnologia da Informa\u00e7\u00e3o da Cat\u00f3lica, Frederico Pires.<\/p>\n\n\n\n<p><strong>Agricultura Digital<\/strong><\/p>\n\n\n\n<p>A Embrapa Inform\u00e1tica Agropecu\u00e1ria, parceira na Agrotins Digital, apresenta a palestra Agricultura Digital, \u00e0s 17h50, com S\u00edlvia Massruh\u00e1. Na palestra a especialista da Embrapa aborda que as tecnologias disruptivas est\u00e3o transformando os processos produtivos e criando novos modelos de neg\u00f3cios para o setor agropecu\u00e1rio. A pesquisadora e atual chefe-geral da Embrapa Inform\u00e1tica, S\u00edlvia Massruh\u00e1 vai falar sobre as perspectivas para agricultura digital e como atuar junto ao ecossistema de inova\u00e7\u00e3o para impulsionar o desenvolvimento. \u201cE ainda vamos abordar sobre ado\u00e7\u00e3o de tecnologias que atendam aos problemas reais no campo e contribuam para tornar a agropecu\u00e1ria brasileira mais competitiva e sustent\u00e1vel\u201d, complementou.<\/p>\n\n\n\n<p><strong>Continua\u00e7\u00e3o<\/strong><\/p>\n\n\n\n<p>Ainda nesta quarta, 27, ocorrem diversas palestras, ao vivo, com os temas: Como iniciar programas de melhoramento gen\u00e9tico de peixes, \u00e0s 13h30; projeto BRS Aqua: pesquisa e inova\u00e7\u00e3o para o fortalecimento da Aquicultura no Brasil, 15h30; programa Geneplus: tecnologia para melhoramento gen\u00e9tico de bovinos de corte, \u00e0s 17h30 e Processamento da mandioca, \u00e0s 19 horas, dentre outros.<\/p>\n\n\n\n<p><strong>Programa\u00e7\u00e3o<\/strong><\/p>\n\n\n\n<p>A programa\u00e7\u00e3o geral das atividades durante os tr\u00eas dias da Feira, 27, 28 e 29, pode ser acessada na plataforma&nbsp;<a href=\"http:\/\/agrotins.to.gov.br\/\" target=\"_blank\" rel=\"noreferrer noopener\">Agrotins.to.gov.br<\/a>.<\/p>\n","protected":false},"excerpt":{"rendered":"<p>A Feira Agrotecnol\u00f3gica do Tocantins \u2013 Agrotins 2020 100% Digital mostra aos produtores e visitantes, ao vivo, \u00e0s 15 horas, na plataforma&nbsp;Agrotins.to.gov.br, a palestra Tecnologia no Campo em Tempos de Pandemia, um enfrentamento para tomadas de decis\u00f5es no meio rural. A feira, a primeira a ser realizada neste formato digital no pa\u00eds, teve in\u00edcio na [&hellip;]<\/p>\n","protected":false},"author":2,"featured_media":5788,"comment_status":"open","ping_status":"open","sticky":false,"template":"","format":"standard","meta":[],"categories":[3],"tags":[],"_links":{"self":[{"href":"https:\/\/dgospel.com.br\/portal\/index.php\/wp-json\/wp\/v2\/posts\/5787"}],"collection":[{"href":"https:\/\/dgospel.com.br\/portal\/index.php\/wp-json\/wp\/v2\/posts"}],"about":[{"href":"https:\/\/dgospel.com.br\/portal\/index.php\/wp-json\/wp\/v2\/types\/post"}],"author":[{"embeddable":true,"href":"https:\/\/dgospel.com.br\/portal\/index.php\/wp-json\/wp\/v2\/users\/2"}],"replies":[{"embeddable":true,"href":"https:\/\/dgospel.com.br\/portal\/index.php\/wp-json\/wp\/v2\/comments?post=5787"}],"version-history":[{"count":1,"href":"https:\/\/dgospel.com.br\/portal\/index.php\/wp-json\/wp\/v2\/posts\/5787\/revisions"}],"predecessor-version":[{"id":5789,"href":"https:\/\/dgospel.com.br\/portal\/index.php\/wp-json\/wp\/v2\/posts\/5787\/revisions\/5789"}],"wp:featuredmedia":[{"embeddable":true,"href":"https:\/\/dgospel.com.br\/portal\/index.php\/wp-json\/wp\/v2\/media\/5788"}],"wp:attachment":[{"href":"https:\/\/dgospel.com.br\/portal\/index.php\/wp-json\/wp\/v2\/media?parent=5787"}],"wp:term":[{"taxonomy":"category","embeddable":true,"href":"https:\/\/dgospel.com.br\/portal\/index.php\/wp-json\/wp\/v2\/categories?post=5787"},{"taxonomy":"post_tag","embeddable":true,"href":"https:\/\/dgospel.com.br\/portal\/index.php\/wp-json\/wp\/v2\/tags?post=5787"}],"curies":[{"name":"wp","href":"https:\/\/api.w.org\/{rel}","templated":true}]}}