{"id":5790,"date":"2020-05-27T15:59:04","date_gmt":"2020-05-27T18:59:04","guid":{"rendered":"http:\/\/dgospel.com.br\/portal\/?p=5790"},"modified":"2020-05-27T15:59:05","modified_gmt":"2020-05-27T18:59:05","slug":"destaque-no-cenario-nacional-governador-carlesse-abre-agrotins-2020-com-formato-100-digital","status":"publish","type":"post","link":"https:\/\/dgospel.com.br\/portal\/index.php\/2020\/05\/27\/destaque-no-cenario-nacional-governador-carlesse-abre-agrotins-2020-com-formato-100-digital\/","title":{"rendered":"Destaque no cen\u00e1rio nacional, governador Carlesse abre Agrotins 2020 com formato 100% Digital"},"content":{"rendered":"\n<p>Com a expectativa de movimentar mais R$ 2,5 bilh\u00f5es em neg\u00f3cios e superar a edi\u00e7\u00e3o anterior, a Feira Agrotecnol\u00f3gica do Tocantins \u2013 Agrotins 2020 100% Digital foi lan\u00e7ada na manh\u00e3 desta quarta-feira, 27, pelo governador do Tocantins, Mauro Carlesse, a ministra da Agricultura, Pecu\u00e1ria e Abastecimento, Tereza Cristina, o secret\u00e1rio de Estado da Agricultura, Pecu\u00e1ria e Aquicultura, C\u00e9sar Halum, e o presidente da Empresa Brasileira de Pesquisa Agropecu\u00e1ria (Embrapa), Celso Moretti.<\/p>\n\n\n\n<p>A feira deste ano \u00e9 uma realiza\u00e7\u00e3o in\u00e9dita, a primeira do Brasil a ser produzida em formato inteiramente digital, em decorr\u00eancia da pandemia provocada pelo novo Coronav\u00edrus. J\u00e1 conhecida por ser o maior evento agrotecn\u00f3logico da regi\u00e3o Norte do pa\u00eds, gra\u00e7as \u00e0s boas parcerias com institui\u00e7\u00f5es p\u00fablicas e privadas e ao apoio dos produtores tocantinenses,&nbsp;a Agrotins 2020 100% Digital segue com programa\u00e7\u00e3o at\u00e9 esta sexta-feira, 29,&nbsp;na plataforma&nbsp;<a href=\"http:\/\/www.agrotins.to.gov.br\/\" rel=\"noreferrer noopener\" target=\"_blank\">www.agrotins.to.gov.br<\/a>.<\/p>\n\n\n\n<p>Durante a&nbsp;live&nbsp;de abertura,&nbsp;com formato totalmente inovador, a&nbsp;ministra da Agricultura, Pecu\u00e1ria e Abastecimento, Tereza Cristina, destacou que o Tocantins \u00e9 um estado que desponta no cen\u00e1rio do agroneg\u00f3cio.&nbsp;<\/p>\n\n\n\n<p>\u201cO Tocantins \u00e9 um estado novo que vem se colocando da maneira mais moderna poss\u00edvel no cen\u00e1rio agro. Est\u00e1 mostrando para o Brasil que como o agroneg\u00f3cio n\u00e3o pode parar, era necess\u00e1rio que a Agrotins tamb\u00e9m n\u00e3o parasse. Voc\u00eas s\u00e3o pioneiros e grandes inovadores, tenho certeza de que a feira ser\u00e1 um grande sucesso e servir\u00e1 de modelo para todo o Brasil. Eu, como ministra, fico muito feliz com a iniciativa e tenho o maior interesse na parceria cada vez mais forte do Minist\u00e9rio da Agricultura com o Estado do Tocantins\u201d, afirmou.<\/p>\n\n\n\n<p>A ministra ainda fez quest\u00e3o de destacar a contribui\u00e7\u00e3o que o Estado que pode dar ao pa\u00eds ap\u00f3s a pandemia do novo Coronav\u00edrus. \u201cO Tocantins tem a agropecu\u00e1ria no DNA, \u00e9 protagonista na agricultura sustent\u00e1vel, estando \u00e0 frente de muitos estados. Estamos vivendo um momento dif\u00edcil com esta pandemia e o mundo p\u00f3s-Covid precisar\u00e1 muito dos locais que ter\u00e3o capacidade de produ\u00e7\u00e3o para garantir alimenta\u00e7\u00e3o. O Tocantins tem terra, \u00e1gua, tecnologia, agricultura tropical e infraestrutura para escoar a produ\u00e7\u00e3o, ser competitivo e dar sua contribui\u00e7\u00e3o\u201d, ressaltou&nbsp;Tereza Cristina<strong>.<\/strong><\/p>\n\n\n\n<p>O&nbsp;governador do Tocantins, Mauro Carlesse, agradeceu o apoio recebido de todos que contribu\u00edram direta e indiretamente para realiza\u00e7\u00e3o da&nbsp;Agrotins 2020 100% Digital.<\/p>\n\n\n\n<p>\u201cEstamos felizes por termos conseguido nos adequar, nos reinventar neste cen\u00e1rio e fazer com que a feira esteja acontecendo. \u00c9 um momento gratificante e desejo que todos fa\u00e7am o melhor uso deste espa\u00e7o. Agrade\u00e7o imensamente a todos os servidores do Estado, aos nossos apoiadores, aos bancos, aos produtores e ao Minist\u00e9rio da Agricultura, que tem nos dado um grande apoio. Ser\u00e1 um evento com qualidade onde ser\u00e3o realizados grandes neg\u00f3cios. Estamos mostrando mais uma vez o Tocantins saindo na frente\u201d, destacou o Governador.<\/p>\n\n\n\n<p>O&nbsp;presidente da Empresa Brasileira de Pesquisa Agropecu\u00e1ria (Embrapa), Celso Moretti, reafirmou a import\u00e2ncia da parceria com o Estado e destacou que a institui\u00e7\u00e3o apresentar\u00e1 pesquisas in\u00e9ditas e mais de 120 solu\u00e7\u00f5es e ativos tecnol\u00f3gicos.&nbsp;<\/p>\n\n\n\n<p><strong>\u201c<\/strong>\u00c9 uma grande satisfa\u00e7\u00e3o para a Embrapa participar da vig\u00e9sima edi\u00e7\u00e3o da Agrotins, uma edi\u00e7\u00e3o comemorativa e especial. A Embrapa estar\u00e1 presente com 24 das 43 unidades de seus n\u00facleos de pesquisa. Apresentaremos mais de 120 solu\u00e7\u00f5es e ativos tecnol\u00f3gicos que est\u00e3o sendo colocados \u00e0 disposi\u00e7\u00e3o da agricultura do Tocantins e da regi\u00e3o do Matopiba. Nossos pesquisadores e analistas apresentar\u00e3o 60 palestras e quase 20 temas relacionados ao desenvolvimento sustent\u00e1vel da agricultura, da pecu\u00e1ria e do setor florestal\u201d, informou o presidente.<\/p>\n\n\n\n<p><strong>Cerrado Sustent\u00e1vel<\/strong><\/p>\n\n\n\n<p>O secret\u00e1rio de Estado da Agricultura, Pecu\u00e1ria e Aquicultura, C\u00e9sar Halum, destacou o tema da feira, que este ano foca no \u201cCerrado Sustent\u00e1vel\u201d. Segundo o titular da pasta,&nbsp;o tema \u00e9 de extrema import\u00e2ncia porque \u00e9 uma preocupa\u00e7\u00e3o atual.<\/p>\n\n\n\n<p>\u201cA preocupa\u00e7\u00e3o que agropecu\u00e1ria do mundo tem \u00e9 a de produzir alimentos para uma popula\u00e7\u00e3o sempre crescente e que exige uma produ\u00e7\u00e3o sem a degrada\u00e7\u00e3o ambiental. O Tocantins prima por isto, por proteger o patrim\u00f4nio do nosso produtor rural. Procuramos produzir preservando o cerrado e n\u00e3o comprometendo este bioma, que hoje \u00e9 respons\u00e1vel pela produ\u00e7\u00e3o de 60% de gr\u00e3os do Brasil e por 55% da carne bovina produzida no pa\u00eds. No Tocantins, temos dado o exemplo: a produ\u00e7\u00e3o caminha ao lado preserva\u00e7\u00e3o\u201d, garantiu o gestor.<\/p>\n\n\n\n<p>O secret\u00e1rio ainda informou que, neste ano, o Estado comemorou a maior colheita, uma safra hist\u00f3rica, contabilizando mais de 5 milh\u00f5es de toneladas de gr\u00e3os. \u201cCrescemos 14% em produtividade em rela\u00e7\u00e3o ao ano passado e apenas 4,5% em \u00e1rea plantada o que significa que estamos produzindo mais em menor \u00e1rea, evitando desmatamento e utilizando o solo de maneira correta\u201d, informou.<\/p>\n\n\n\n<p><strong>Oportunidade e Conhecimento<\/strong><\/p>\n\n\n\n<p>A&nbsp;Agrotins 2020 100%&nbsp;propicia boas oportunidades de conhecimento e de neg\u00f3cios aos produtores. Durante a Feira, produtores e participantes podem contar com diversas linhas de cr\u00e9dito especiais para atender as suas necessidades, podendo adquirir produtos, m\u00e1quinas, sementes e outros.<\/p>\n\n\n\n<p>O evento seguir\u00e1 at\u00e9 esta sexta-feira, 29, e poder\u00e1 ser acompanhado pela plataforma&nbsp;<a href=\"http:\/\/www.agrotins.to.gov.br\/\" rel=\"noreferrer noopener\" target=\"_blank\">www.agrotins.to.gov.br<\/a>. O espa\u00e7o conta com programa\u00e7\u00e3o ao vivo das 8 \u00e0s 20 horas e que o conte\u00fado exibido ficar\u00e1 dispon\u00edvel por 30 dias ap\u00f3s o t\u00e9rmino das atividades.<\/p>\n\n\n\n<p><strong>Movimenta\u00e7\u00e3o financeira<\/strong><\/p>\n\n\n\n<p>Em meio a um cen\u00e1rio de incertezas, por conta da pandemia do novo Coronav\u00edrus, o Governo do Tocantins tem apostado no sucesso desta edi\u00e7\u00e3o.&nbsp; Em outros anos, mesmo em momentos de crises econ\u00f4micas, a Agrotins sempre registrou grandes movimenta\u00e7\u00f5es financeiras fomentando o mercado agropecu\u00e1rio do Estado.<\/p>\n\n\n\n<p>Em 2001, quando foi lan\u00e7ada, a feira foi respons\u00e1vel por movimentar R$ 7 milh\u00f5es. J\u00e1 na gest\u00e3o do governador Mauro Carlesse, em 2019, a Agrotins registrou seu recorde absoluto, alcan\u00e7ando a marca de R$ 2,5 bilh\u00f5es.<\/p>\n\n\n\n<p><strong>Plataforma e Certificado<\/strong><\/p>\n\n\n\n<p>Na plataforma on-line, o cidad\u00e3o pode navegar por quatro abas principais: Espa\u00e7o dos Pavilh\u00f5es, Campo do Conhecimento, Programa\u00e7\u00e3o ao Vivo&nbsp;e Expositores. Nestes espa\u00e7os virtuais o interessado tem acesso a palestrantes, workshops e a diversos expositores que trazem as marcas j\u00e1 conhecidas na agricultura e pecu\u00e1ria de ponta. A Feira conta com mais de 170 expositores cadastrados expondo maquin\u00e1rios, ve\u00edculos, produtos e servi\u00e7os.<\/p>\n\n\n\n<p>Na aba Programa\u00e7\u00e3o Ao Vivo, um dos grandes diferenciais para esse ano, o cidad\u00e3o poder\u00e1 acompanhar todo o conte\u00fado em tempo real. Ser\u00e3o&nbsp;12 horas di\u00e1rias de rodas de conversa, palestras, promo\u00e7\u00e3o de expositores e not\u00edcias do universo agro.<\/p>\n\n\n\n<p>E a partir das 20 horas, a feira traz tamb\u00e9m a transmiss\u00e3o de leil\u00f5es ao vivo, habilitados pela Associa\u00e7\u00e3o Brasileira dos Criadores de Zebu (ABCZ).<\/p>\n\n\n\n<p>Na p\u00e1gina inicial, tamb\u00e9m existe a op\u00e7\u00e3o de assinar gratuitamente a&nbsp;Newsletter&nbsp;da feira. Por meio deste recurso, o interessado pode receber via e-mail not\u00edcias e mais conte\u00fados informativos dessa edi\u00e7\u00e3o, al\u00e9m de um certificado exclusivo de participa\u00e7\u00e3o.<\/p>\n","protected":false},"excerpt":{"rendered":"<p>Com a expectativa de movimentar mais R$ 2,5 bilh\u00f5es em neg\u00f3cios e superar a edi\u00e7\u00e3o anterior, a Feira Agrotecnol\u00f3gica do Tocantins \u2013 Agrotins 2020 100% Digital foi lan\u00e7ada na manh\u00e3 desta quarta-feira, 27, pelo governador do Tocantins, Mauro Carlesse, a ministra da Agricultura, Pecu\u00e1ria e Abastecimento, Tereza Cristina, o secret\u00e1rio de Estado da Agricultura, Pecu\u00e1ria [&hellip;]<\/p>\n","protected":false},"author":2,"featured_media":5791,"comment_status":"open","ping_status":"open","sticky":false,"template":"","format":"standard","meta":[],"categories":[3],"tags":[],"_links":{"self":[{"href":"https:\/\/dgospel.com.br\/portal\/index.php\/wp-json\/wp\/v2\/posts\/5790"}],"collection":[{"href":"https:\/\/dgospel.com.br\/portal\/index.php\/wp-json\/wp\/v2\/posts"}],"about":[{"href":"https:\/\/dgospel.com.br\/portal\/index.php\/wp-json\/wp\/v2\/types\/post"}],"author":[{"embeddable":true,"href":"https:\/\/dgospel.com.br\/portal\/index.php\/wp-json\/wp\/v2\/users\/2"}],"replies":[{"embeddable":true,"href":"https:\/\/dgospel.com.br\/portal\/index.php\/wp-json\/wp\/v2\/comments?post=5790"}],"version-history":[{"count":1,"href":"https:\/\/dgospel.com.br\/portal\/index.php\/wp-json\/wp\/v2\/posts\/5790\/revisions"}],"predecessor-version":[{"id":5792,"href":"https:\/\/dgospel.com.br\/portal\/index.php\/wp-json\/wp\/v2\/posts\/5790\/revisions\/5792"}],"wp:featuredmedia":[{"embeddable":true,"href":"https:\/\/dgospel.com.br\/portal\/index.php\/wp-json\/wp\/v2\/media\/5791"}],"wp:attachment":[{"href":"https:\/\/dgospel.com.br\/portal\/index.php\/wp-json\/wp\/v2\/media?parent=5790"}],"wp:term":[{"taxonomy":"category","embeddable":true,"href":"https:\/\/dgospel.com.br\/portal\/index.php\/wp-json\/wp\/v2\/categories?post=5790"},{"taxonomy":"post_tag","embeddable":true,"href":"https:\/\/dgospel.com.br\/portal\/index.php\/wp-json\/wp\/v2\/tags?post=5790"}],"curies":[{"name":"wp","href":"https:\/\/api.w.org\/{rel}","templated":true}]}}