{"id":5797,"date":"2020-05-28T18:07:52","date_gmt":"2020-05-28T21:07:52","guid":{"rendered":"http:\/\/dgospel.com.br\/portal\/?p=5797"},"modified":"2020-05-28T18:07:54","modified_gmt":"2020-05-28T21:07:54","slug":"brasil-e-israel-discutem-cooperacao-para-combate-a-coronavirus","status":"publish","type":"post","link":"https:\/\/dgospel.com.br\/portal\/index.php\/2020\/05\/28\/brasil-e-israel-discutem-cooperacao-para-combate-a-coronavirus\/","title":{"rendered":"Brasil e Israel discutem coopera\u00e7\u00e3o para combate a coronav\u00edrus"},"content":{"rendered":"\n<p>O presidente Jair Bolsonaro telefonou na quarta-feira (27) para o primeiro-ministro de Israel,&nbsp;<strong><a href=\"https:\/\/guiame.com.br\/gospel\/israel\/apos-tres-eleicoes-israel-tera-governo-de-uniao-entre-netanyahu-e-gantz.html\">Benjamin Netanyahu<\/a><\/strong>, para cumpriment\u00e1-lo pela forma\u00e7\u00e3o de um novo governo de coaliz\u00e3o no pa\u00eds com o l\u00edder da oposi\u00e7\u00e3o, Benny Gantz, no \u00faltimo dia 17.<\/p>\n\n\n\n<p>Em mar\u00e7o, os israelenses foram \u00e0s urnas pela terceira vez em menos de um ano para eleger um novo parlamento, depois de duas tentativas infrut\u00edferas para forma\u00e7\u00e3o da governabilidade.<\/p>\n\n\n\n<p>Em conversa acompanhada no pal\u00e1cio do Planalto pelo embaixador de Israel em Bras\u00edlia,&nbsp;<strong><a href=\"https:\/\/guiame.com.br\/gospel\/israel\/bolsonaro-afirma-que-lacos-e-cooperacao-com-israel-nunca-estiveram-tao-fortes.html\">Yossi Shelley<\/a><\/strong>, os dois mandat\u00e1rios discutiram ainda sobre o avan\u00e7o na coopera\u00e7\u00e3o cient\u00edfica entre os dois pa\u00edses para o combate ao&nbsp;<strong><a href=\"https:\/\/guiame.com.br\/gospel\/noticias\/casal-de-idosos-e-curado-da-covid-19-e-familia-agradece-foi-um-milagre.html\">novo coronav\u00edrus<\/a><\/strong>.<\/p>\n\n\n\n<p>A liga\u00e7\u00e3o ocorreu por volta das 15h30. Shelley foi procurado pela reportagem da CNN ao entrar na sede do governo brasileiro, mas disse que falaria com jornalistas apenas ap\u00f3s a reuni\u00e3o.<\/p>\n\n\n\n<p>Israel tem um dos parques tecnol\u00f3gicos mais avan\u00e7ados do planeta, e vem utilizando sua capacidade de pesquisa para conter o avan\u00e7o da Covid-19 no pa\u00eds.<\/p>\n\n\n\n<p>Recentemente,&nbsp;<strong><a href=\"https:\/\/guiame.com.br\/gospel\/israel\/cientistas-israelenses-apontam-dois-medicamentos-para-tratamento-do-coronavirus.html\">cientistas israelenses<\/a><\/strong>&nbsp;apontam dois medicamentos para tratamento do coronav\u00edrus. Os pesquisadores acreditam que os medicamentos podem ser um tratamento tempor\u00e1rio para pacientes com coronav\u00edrus, enquanto os cientistas continuam trabalhando na vacina e no tratamento.<\/p>\n\n\n\n<p>Aparatos anteriormente usados para vigil\u00e2ncia e combate ao terrorismo passaram a ser usados para vigiar os focos de cont\u00e1gio do novo coronav\u00edrus. Por exemplo, o servi\u00e7o de intelig\u00eancia israelense foi autorizado a acessar os dados de localiza\u00e7\u00e3o de celulares para rastrear aqueles que estiveram pr\u00f3ximos de pacientes confirmados.<\/p>\n\n\n\n<p>Segundo a Universidade Johns Hopkins, Israel tem 16.793 casos da Covid-19, que provocou 281 mortes no pa\u00eds.<\/p>\n\n\n\n<p>FONTE: GUIAME, COM INFORMA\u00c7\u00d5ES DA CNN BRASIL<br><\/p>\n","protected":false},"excerpt":{"rendered":"<p>O presidente Jair Bolsonaro telefonou na quarta-feira (27) para o primeiro-ministro de Israel,&nbsp;Benjamin Netanyahu, para cumpriment\u00e1-lo pela forma\u00e7\u00e3o de um novo governo de coaliz\u00e3o no pa\u00eds com o l\u00edder da oposi\u00e7\u00e3o, Benny Gantz, no \u00faltimo dia 17. Em mar\u00e7o, os israelenses foram \u00e0s urnas pela terceira vez em menos de um ano para eleger um [&hellip;]<\/p>\n","protected":false},"author":2,"featured_media":5798,"comment_status":"open","ping_status":"open","sticky":false,"template":"","format":"standard","meta":[],"categories":[4,1],"tags":[],"_links":{"self":[{"href":"https:\/\/dgospel.com.br\/portal\/index.php\/wp-json\/wp\/v2\/posts\/5797"}],"collection":[{"href":"https:\/\/dgospel.com.br\/portal\/index.php\/wp-json\/wp\/v2\/posts"}],"about":[{"href":"https:\/\/dgospel.com.br\/portal\/index.php\/wp-json\/wp\/v2\/types\/post"}],"author":[{"embeddable":true,"href":"https:\/\/dgospel.com.br\/portal\/index.php\/wp-json\/wp\/v2\/users\/2"}],"replies":[{"embeddable":true,"href":"https:\/\/dgospel.com.br\/portal\/index.php\/wp-json\/wp\/v2\/comments?post=5797"}],"version-history":[{"count":1,"href":"https:\/\/dgospel.com.br\/portal\/index.php\/wp-json\/wp\/v2\/posts\/5797\/revisions"}],"predecessor-version":[{"id":5799,"href":"https:\/\/dgospel.com.br\/portal\/index.php\/wp-json\/wp\/v2\/posts\/5797\/revisions\/5799"}],"wp:featuredmedia":[{"embeddable":true,"href":"https:\/\/dgospel.com.br\/portal\/index.php\/wp-json\/wp\/v2\/media\/5798"}],"wp:attachment":[{"href":"https:\/\/dgospel.com.br\/portal\/index.php\/wp-json\/wp\/v2\/media?parent=5797"}],"wp:term":[{"taxonomy":"category","embeddable":true,"href":"https:\/\/dgospel.com.br\/portal\/index.php\/wp-json\/wp\/v2\/categories?post=5797"},{"taxonomy":"post_tag","embeddable":true,"href":"https:\/\/dgospel.com.br\/portal\/index.php\/wp-json\/wp\/v2\/tags?post=5797"}],"curies":[{"name":"wp","href":"https:\/\/api.w.org\/{rel}","templated":true}]}}