{"id":5800,"date":"2020-05-29T19:59:10","date_gmt":"2020-05-29T22:59:10","guid":{"rendered":"http:\/\/dgospel.com.br\/portal\/?p=5800"},"modified":"2020-05-29T19:59:11","modified_gmt":"2020-05-29T22:59:11","slug":"palmas-tera-reabertura-gradual-do-comercio-e-servicos-a-partir-de-08-de-junho-confira-as-novas-fases","status":"publish","type":"post","link":"https:\/\/dgospel.com.br\/portal\/index.php\/2020\/05\/29\/palmas-tera-reabertura-gradual-do-comercio-e-servicos-a-partir-de-08-de-junho-confira-as-novas-fases\/","title":{"rendered":"Palmas ter\u00e1 reabertura gradual do com\u00e9rcio e servi\u00e7os a partir de 08 de junho, confira as novas fases"},"content":{"rendered":"\n<p>Durante<em>&nbsp;live<\/em>&nbsp;e na presen\u00e7a da imprensa, a prefeita Cinthia Ribeira anunciou na manh\u00e3 desta sexta-feira, 29, o Plano Estrat\u00e9gico de Reabertura Econ\u00f4mica de forma gradual e com protocolos espec\u00edficos de seguran\u00e7a para cada&nbsp;&nbsp;setor do com\u00e9rcio e servi\u00e7os na cidade de Palmas. A gestora destacou que a flexibiliza\u00e7\u00e3o do com\u00e9rcio iniciou ainda em abril com a autoriza\u00e7\u00e3o de alguns segmentos, e que essas novas etapas v\u00e3o exigir protocolos mais r\u00edgidos de seguran\u00e7a espec\u00edfico para cada setor.<br><\/p>\n\n\n\n<p>A partir de 08 de junho, a fase \u2018A\u2019 do programa prev\u00ea a abertura do com\u00e9rcio varejista, concession\u00e1rias, lojas de departamento, pra\u00e7as e parques, respeitando os protocolos, higieniza\u00e7\u00e3o local, disponibilidade de dispensers para \u00e1lcool em gel, uso de m\u00e1scaras e o distanciamento m\u00ednimo de 1,5 metros. Para o dia 15 de junho, a fase \u2018B\u2019 compreende a reabertura dos shoppings, com exce\u00e7\u00e3o dos entretenimentos, como cinema e pra\u00e7a de alimenta\u00e7\u00e3o, que ainda n\u00e3o tem previs\u00e3o de reabertura, por requerer um protocolo ainda mais rigoroso; abertura de restaurantes, academias, escolas de nata\u00e7\u00e3o e esportes.<\/p>\n\n\n\n<p>As datas foram estabelecidas com embasamento t\u00e9cnico de estudos realizados pelo Centro de Opera\u00e7\u00f5es de Emerg\u00eancia em Sa\u00fade (COE Palmas Covid-19), amparado pelo cen\u00e1rio epidemiol\u00f3gico da Capital. \u201cE estamos dando esse prazo, para que as empresas tomem as&nbsp;&nbsp; medidas sanit\u00e1rias e possam treinar suas equipes para esse novo formato de atendimento. Mas se observarmos que esse movimento possa comprometer os nossos leitos e&nbsp; respiradores, poderemos recuar e apresentar uma nova data\u201d, completou &nbsp;a prefeita.<\/p>\n\n\n\n<p>Ela destacou que o momento n\u00e3o \u00e9 de dar um passo maior sem seguran\u00e7a. \u201cN\u00e3o cederemos ao capricho de pessoas que n\u00e3o compreendem esse momento, pois n\u00e3o vamos sair da quarentena, n\u00e3o vamos abandonar as regras de seguran\u00e7a, uma vez que n\u00e3o podemos negar que este v\u00edrus existe, n\u00e3o podemos negar o enfrentamentos que ainda precisamos tomar\u201d.<\/p>\n\n\n\n<p><strong>Protocolos de seguran\u00e7a<\/strong><\/p>\n\n\n\n<p>Sobre os protocolos espec\u00edficos j\u00e1 estabelecidos para cada setor, a gestora explicou que \u00e9 uma forma de dividir responsabilidade entre o poder p\u00fablico, empresas e representa\u00e7\u00f5es de classe. Um termo de responsabilidade dever\u00e1 ser assinado por cada estabelecimento, se comprometendo a cumprir as recomenda\u00e7\u00f5es dos protocolos e da Vigil\u00e2ncia Sanit\u00e1ria do Munic\u00edpio,&nbsp; e dever\u00e1 estar visivelmente fixado no local o compromisso firmado para sua reabertura. Em caso de descumprimento, o estabelecimento poder\u00e1 ser fechado pela Vigil\u00e2ncia Sanit\u00e1ria. E as representa\u00e7\u00f5es de classe ficar\u00e3o respons\u00e1veis por fazer capacita\u00e7\u00e3o com cada seus empres\u00e1rios.<\/p>\n\n\n\n<p><strong>Reordenamento de hor\u00e1rio<\/strong><\/p>\n\n\n\n<p>Dentro do plano de tentativa de volta \u00e0 nova realidade, da forma mais normal poss\u00edvel, Cinthia Ribeiro foi enf\u00e1tica que os estabelecimentos agora v\u00e3o precisar trabalhar de forma escalonada, n\u00e3o podendo mais funcionar de 8 \u00e0s 18 horas, para n\u00e3o impactar no transporte p\u00fablico, provocando assim aglomera\u00e7\u00f5es.<\/p>\n\n\n\n<p><strong>Transporte p\u00fablico<\/strong><br><\/p>\n\n\n\n<p>Antes do in\u00edcio da quarentena o transporte p\u00fablico em Palmas era de quase 100 mil embarques\/dias, atualmente a m\u00e9dia \u00e9 de 23 mil embarques\/dia. Durante esses dois meses o sistema vem passando por mudan\u00e7as para atender as normas de seguran\u00e7a. E para a retomada de outros setores do com\u00e9rcio, o secret\u00e1rio &nbsp;de Seguran\u00e7a e Mobilidade Urbana (Sesmu), Durval Ribeiro, disse que a fiscaliza\u00e7\u00e3o ser\u00e1 redobrada e caso os agentes de tr\u00e2nsito e transporte verifiquem que precise colocar mais ve\u00edculos para circular, a empresa ser\u00e1 acionada imediatamente e para que sejam disponibilizados mais coletivos<\/p>\n\n\n\n<p><strong>Cen\u00e1rio epidemiol\u00f3gico que possibilita a retomada<\/strong><\/p>\n\n\n\n<p>Para o secret\u00e1rio Municipal de Sa\u00fade, Daniel Borini, o cen\u00e1rio epidemiol\u00f3gico da Covid-19 em Palmas n\u00e3o est\u00e1 controlado, mas sob controle. A continuidade disso vai depender da atitude das sociedade e dos empres\u00e1rios nessa fase de retomada de outros setores do com\u00e9rcio.<\/p>\n\n\n\n<p>Em sua apresenta\u00e7\u00e3o, o gestor mostrou a evolu\u00e7\u00e3o do n\u00famero de casos, que aponta uma redu\u00e7\u00e3o da velocidade de transmiss\u00e3o do v\u00edrus em Palmas, provocada principalmente pelas medidas adotadas at\u00e9 o momento. \u201cHoje os n\u00fameros de recuperados s\u00e3o maiores que os casos que est\u00e3o em acompanhamento e podem ainda agravar. Hoje temos nossas UPAs preparadas, para caso haja uma superlota\u00e7\u00e3o dos hospitais, termos como assistir os paciente. Lembrando que n\u00e3o \u00e9 compet\u00eancia das UPAs, mas como vimos em outras cidades, aqui estar\u00edamos preparados\u201d.<\/p>\n\n\n\n<p>Segundo o relat\u00f3rio apresentado, nas&nbsp; UPAs t\u00eam alas exclusivas para portadores do novo coronav\u00edrus, sendo que que na UPA Norte tem 12 leitos e seis respiradores, e na UPA Sul nove leitos e seis respiradores. Palmas conta com 18 leitos de UTI na rede p\u00fablica e 16 na rede privada. \u201cOntem n\u00e3o t\u00ednhamos nenhum paciente ocupado esses leitos, hoje temos um\u201d, ressalta o secret\u00e1rio.&nbsp;<\/p>\n\n\n\n<p><br>Quanto aos leitos cl\u00ednicos, sejam eles nos hospitais p\u00fablicos ou privados, o munic\u00edpio de Palmas conta com 20 p\u00fablicos e 25 leitores cl\u00ednicos privados, exclusivos a pacientes da Covid-19. A baixa no n\u00famero de ocupa\u00e7\u00e3o hospitalar em Palmas foi outro fator para que o munic\u00edpio pudesse flexibilizar ainda mais o com\u00e9rcio. \u201cEm Palmas, a ocupa\u00e7\u00e3o nunca passou de 35% , quer seja de leitos cl\u00ednicos, quer seja de UTI\u201d, complementou o secret\u00e1rio.<\/p>\n\n\n\n<p>Cinthia Ribeiro lembrou ainda que a m\u00e9dia e alta complexidade hospitalar n\u00e3o \u00e9 &nbsp;de responsabilidade do munic\u00edpio, \u201cMas Palmas n\u00e3o est\u00e1 se eximindo de sua responsabilidade dentro desse cen\u00e1rio epidemiol\u00f3gico\u201d, S\u00f3 complementa, disse a gestora remetendo \u00e0 explana\u00e7\u00e3o do secret\u00e1rio Daniel de que as duas UPAs de Palmas possuem alas com respiradores preparadas para receberem tais pacientes, caso precise, refor\u00e7ando que at\u00e9 o momento n\u00e3o houve nenhuma interna\u00e7\u00e3o nesses leitos exclusivos para pacientes da Covid-19.<\/p>\n\n\n\n<p><strong>Plano de retomada<\/strong><\/p>\n\n\n\n<p>Constru\u00eddo de forma integrada e alinhada, priorizando a vida e sa\u00fade da popula\u00e7\u00e3o palmense, o Plano Estrat\u00e9gico de Reabertura Econ\u00f4mica vem ap\u00f3s di\u00e1logo da gest\u00e3o com a classe empresarial, que juntos definiram estrat\u00e9gias e os protocolos de seguran\u00e7a para a retomada gradual, de forma consciente, sem se esquecer das recomenda\u00e7\u00f5es, pr\u00e1ticas e orienta\u00e7\u00f5es da Organiza\u00e7\u00e3o Mundial de Sa\u00fade.<\/p>\n\n\n\n<p>Segundo a secret\u00e1ria municipal de Desenvolvimento Econ\u00f4mico e Emprego, Mila Jaber, a retomada do crescimento econ\u00f4mico foi feito com base em algumas fases: Na fase vermelha, com maior contamina\u00e7\u00e3o, foi feito apenas a&nbsp; libera\u00e7\u00e3o para servi\u00e7os essenciais; na fase laranja, ainda em abril foi feita eventuais libera\u00e7\u00f5es, como alguns servi\u00e7os. Hoje, Palmas est\u00e1 na fase amarela com flexibiliza\u00e7\u00e3o j\u00e1 de v\u00e1rios com\u00e9rcios o que representa quase 75% j\u00e1 abertos.<\/p>\n\n\n\n<p>\u201cPara o m\u00eas de junho vamos dar um passo na fase azul que \u00e9 a abertura parcial, como a abertura do com\u00e9rcio varejista, shopping, academias. Para a fase verde, quando a doen\u00e7a tiver mais controlada, teremos a abertura das demais atividades\u201d completou a secret\u00e1ria. Sobre as demais atividades, o munic\u00edpio ainda n\u00e3o estipulou data para a reabertura.<\/p>\n\n\n\n<p>Segundo o relat\u00f3rio apresentado pela secret\u00e1ria, Palmas conta com 37 mil empresas. Atualmente 74,93%&nbsp; j\u00e1 est\u00e3o abertas e 25,07 % s\u00e3o as que est\u00e3o proibidas de funcionar, e dentro desse percentual tamb\u00e9m est\u00e3o bares e restaurantes que est\u00e3o funcionando parcialmente.<\/p>\n\n\n\n<p><strong>Fase A &#8211; a partir de 08 de junho<\/strong><\/p>\n\n\n\n<p>Abertura do com\u00e9rcio varejista, concession\u00e1rias, lojas de departamento, parque e pra\u00e7as.<\/p>\n\n\n\n<p><strong>Fase B &#8211; a partir de 15 de junho<\/strong><\/p>\n\n\n\n<p>Abertura de shopping, restaurantes, academia, escolas de nata\u00e7\u00e3o e esportivas.<\/p>\n","protected":false},"excerpt":{"rendered":"<p>Durante&nbsp;live&nbsp;e na presen\u00e7a da imprensa, a prefeita Cinthia Ribeira anunciou na manh\u00e3 desta sexta-feira, 29, o Plano Estrat\u00e9gico de Reabertura Econ\u00f4mica de forma gradual e com protocolos espec\u00edficos de seguran\u00e7a para cada&nbsp;&nbsp;setor do com\u00e9rcio e servi\u00e7os na cidade de Palmas. A gestora destacou que a flexibiliza\u00e7\u00e3o do com\u00e9rcio iniciou ainda em abril com a autoriza\u00e7\u00e3o [&hellip;]<\/p>\n","protected":false},"author":2,"featured_media":5801,"comment_status":"open","ping_status":"open","sticky":false,"template":"","format":"standard","meta":[],"categories":[10,4],"tags":[],"_links":{"self":[{"href":"https:\/\/dgospel.com.br\/portal\/index.php\/wp-json\/wp\/v2\/posts\/5800"}],"collection":[{"href":"https:\/\/dgospel.com.br\/portal\/index.php\/wp-json\/wp\/v2\/posts"}],"about":[{"href":"https:\/\/dgospel.com.br\/portal\/index.php\/wp-json\/wp\/v2\/types\/post"}],"author":[{"embeddable":true,"href":"https:\/\/dgospel.com.br\/portal\/index.php\/wp-json\/wp\/v2\/users\/2"}],"replies":[{"embeddable":true,"href":"https:\/\/dgospel.com.br\/portal\/index.php\/wp-json\/wp\/v2\/comments?post=5800"}],"version-history":[{"count":1,"href":"https:\/\/dgospel.com.br\/portal\/index.php\/wp-json\/wp\/v2\/posts\/5800\/revisions"}],"predecessor-version":[{"id":5802,"href":"https:\/\/dgospel.com.br\/portal\/index.php\/wp-json\/wp\/v2\/posts\/5800\/revisions\/5802"}],"wp:featuredmedia":[{"embeddable":true,"href":"https:\/\/dgospel.com.br\/portal\/index.php\/wp-json\/wp\/v2\/media\/5801"}],"wp:attachment":[{"href":"https:\/\/dgospel.com.br\/portal\/index.php\/wp-json\/wp\/v2\/media?parent=5800"}],"wp:term":[{"taxonomy":"category","embeddable":true,"href":"https:\/\/dgospel.com.br\/portal\/index.php\/wp-json\/wp\/v2\/categories?post=5800"},{"taxonomy":"post_tag","embeddable":true,"href":"https:\/\/dgospel.com.br\/portal\/index.php\/wp-json\/wp\/v2\/tags?post=5800"}],"curies":[{"name":"wp","href":"https:\/\/api.w.org\/{rel}","templated":true}]}}