{"id":5803,"date":"2020-05-29T20:01:02","date_gmt":"2020-05-29T23:01:02","guid":{"rendered":"http:\/\/dgospel.com.br\/portal\/?p=5803"},"modified":"2020-05-29T20:01:03","modified_gmt":"2020-05-29T23:01:03","slug":"entenda-como-funciona-o-monitoramento-dos-casos-suspeitos-e-confirmados-de-covid-19-em-palmas","status":"publish","type":"post","link":"https:\/\/dgospel.com.br\/portal\/index.php\/2020\/05\/29\/entenda-como-funciona-o-monitoramento-dos-casos-suspeitos-e-confirmados-de-covid-19-em-palmas\/","title":{"rendered":"Entenda como funciona o monitoramento dos casos suspeitos e confirmados de Covid-19 em Palmas"},"content":{"rendered":"\n<p>O protocolo de monitoramento para os pacientes com o novo coronav\u00edrus segue as recomenda\u00e7\u00f5es do Minist\u00e9rio da Sa\u00fade. A orienta\u00e7\u00e3o para o isolamento domiciliar \u00e9 determinada para pacientes confirmados para Covid-19 que n\u00e3o apresentam sintomas graves, pessoas com s\u00edndrome gripal e aquelas que tiveram contato com algu\u00e9m suspeito ou confirmado para o v\u00edrus. J\u00e1 os pacientes em estado cr\u00edtico s\u00e3o atendidos nas Unidades de Pronto Atendimento (UPAs) e caso n\u00e3o apresentem melhoras s\u00e3o encaminhados ao Hospital Geral de Palmas (HGP).<\/p>\n\n\n\n<p>O paciente tem direito a atestado m\u00e9dico durante 14 dias, a partir do in\u00edcio dos sintomas. Durante esse tempo, tamb\u00e9m deve ser informado e orientado sobre os sinais de gravidade da doen\u00e7a a cada 48 horas para pacientes sem comorbidades e a cada 24 horas para os pacientes com doen\u00e7as de base (comorbidades) pela Equipe de Sa\u00fade da Fam\u00edlia (ESF) ou do Centro de Opera\u00e7\u00f5es de Emerg\u00eancias (COE) por esses 14 dias ou at\u00e9 o desaparecimento dos sintomas.<\/p>\n\n\n\n<p><strong>Sintomas<\/strong><\/p>\n\n\n\n<p>De acordo com a Secretaria Municipal de Sa\u00fade, s\u00e3o feitos questionamentos sobre sintomas como febre, tosse, dificuldade respirat\u00f3ria, entre outros. E mesmo que haja melhora ou n\u00e3o evolu\u00e7\u00e3o dos sintomas a pessoa continua em observa\u00e7\u00e3o em casa.<\/p>\n\n\n\n<p>Caso haja agravamento dos sintomas um m\u00e9dico realiza o teleatendimento e explica onde buscar atendimento caso seja necess\u00e1rio, no Centro de Sa\u00fade da Comunidade (CSC) mais pr\u00f3ximo, ou, se apresentar gravidade na evolu\u00e7\u00e3o dos sintomas, buscar atendimento na emerg\u00eancia nas UPAs.<\/p>\n\n\n\n<p><strong>S\u00edndrome Gripal<\/strong><br><\/p>\n\n\n\n<p>J\u00e1 nos casos de s\u00edndrome gripal com comorbidade e grupos priorit\u00e1rios (idosos e gestantes), a equipe do COE (analistas em sa\u00fade e m\u00e9dicos), em conjunto com o Centro de Sa\u00fade, acompanham por telefone a cada 24 horas. Para as demais pessoas \u00e9 realizado a cada 48 horas. Todos s\u00e3o monitorados por 14 dias ou at\u00e9 a finaliza\u00e7\u00e3o dos sintomas.<\/p>\n\n\n\n<p>Seguindo recomenda\u00e7\u00f5es do Minist\u00e9rio da Sa\u00fade, nestes casos n\u00e3o ser\u00e1 necess\u00e1ria a coleta de amostras para an\u00e1lise laboratorial. A alta \u00e9 cl\u00ednica com a finaliza\u00e7\u00e3o dos sintomas por pelo menos 72 horas. Ap\u00f3s essa identifica\u00e7\u00e3o, um m\u00e9dico do Centro de Opera\u00e7\u00f5es de Emerg\u00eancia (COE) liga para o paciente e avalia a alta.<\/p>\n\n\n\n<p>Conforme a diretora de Vigil\u00e2ncia em Sa\u00fade, Marta Malheiros, os casos de s\u00edndrome gripal que n\u00e3o apresentem sintoma de gravidade devem permanecer em isolamento domiciliar por 14 dias, sendo monitorado a cada 48 horas.<\/p>\n\n\n\n<p>Ainda segundo Malheiros, a recomenda\u00e7\u00e3o aos familiares do paciente positivo, que residam no mesmo endere\u00e7o, mesmo que assintom\u00e1ticos, \u00e9 que fiquem em isolamento mediante o atestado m\u00e9dico ou preenchimento do termo de notifica\u00e7\u00e3o de isolamento. \u201cPor\u00e9m, \u00e9 necess\u00e1rio avalia\u00e7\u00e3o de cada caso, considerando tamb\u00e9m se o ambiente residencial \u00e9 adequado e se o enfermo \u00e9 capaz de seguir as medidas de precau\u00e7\u00e3o recomendadas pela equipe de sa\u00fade\u201d, acrescenta.<\/p>\n\n\n\n<p>A Vigil\u00e2ncia Epidemiol\u00f3gica ressalta que todos os pacientes s\u00e3o alertados para a possibilidade de piora tardia do quadro cl\u00ednico e sinais de alerta de complica\u00e7\u00f5es como: aparecimento de febre (podendo haver casos iniciais sem febre), eleva\u00e7\u00e3o ou recrudesc\u00eancia de febre ou sinais respirat\u00f3rios, taquicardia, dor pleur\u00edtica, fadiga e dispneia. \u201cA presen\u00e7a de qualquer sinal de alerta dever\u00e1 determinar o encaminhamento para avalia\u00e7\u00e3o cl\u00ednica nas unidades de pronto atendimento ou hospitais\u201d, refor\u00e7a.<\/p>\n\n\n\n<p><strong>Monitoramento<\/strong><\/p>\n\n\n\n<p>A Semus realiza o monitoramento como caso suspeito de paciente com quadro respirat\u00f3rio agudo, caracterizado por sensa\u00e7\u00e3o febril ou febre, mesmo que relatada, acompanhada de tosse ou dor de garganta, coriza e dificuldade respirat\u00f3ria.<\/p>\n\n\n\n<p>Os casos de s\u00edndrome gripal, a notifica\u00e7\u00e3o \u00e9 realizada na Plataforma FormSus pelos Centros de Sa\u00fade da Comunidade, Unidades de Pronto Atendimento ou hospitais. \u201cAp\u00f3s o recebimento da notifica\u00e7\u00e3o ser\u00e1 avaliado em qual monitoramento o paciente ser\u00e1 inclu\u00eddo\u201d, enfatiza a diretora.<\/p>\n","protected":false},"excerpt":{"rendered":"<p>O protocolo de monitoramento para os pacientes com o novo coronav\u00edrus segue as recomenda\u00e7\u00f5es do Minist\u00e9rio da Sa\u00fade. A orienta\u00e7\u00e3o para o isolamento domiciliar \u00e9 determinada para pacientes confirmados para Covid-19 que n\u00e3o apresentam sintomas graves, pessoas com s\u00edndrome gripal e aquelas que tiveram contato com algu\u00e9m suspeito ou confirmado para o v\u00edrus. J\u00e1 os [&hellip;]<\/p>\n","protected":false},"author":2,"featured_media":5804,"comment_status":"open","ping_status":"open","sticky":false,"template":"","format":"standard","meta":[],"categories":[10,4],"tags":[],"_links":{"self":[{"href":"https:\/\/dgospel.com.br\/portal\/index.php\/wp-json\/wp\/v2\/posts\/5803"}],"collection":[{"href":"https:\/\/dgospel.com.br\/portal\/index.php\/wp-json\/wp\/v2\/posts"}],"about":[{"href":"https:\/\/dgospel.com.br\/portal\/index.php\/wp-json\/wp\/v2\/types\/post"}],"author":[{"embeddable":true,"href":"https:\/\/dgospel.com.br\/portal\/index.php\/wp-json\/wp\/v2\/users\/2"}],"replies":[{"embeddable":true,"href":"https:\/\/dgospel.com.br\/portal\/index.php\/wp-json\/wp\/v2\/comments?post=5803"}],"version-history":[{"count":1,"href":"https:\/\/dgospel.com.br\/portal\/index.php\/wp-json\/wp\/v2\/posts\/5803\/revisions"}],"predecessor-version":[{"id":5805,"href":"https:\/\/dgospel.com.br\/portal\/index.php\/wp-json\/wp\/v2\/posts\/5803\/revisions\/5805"}],"wp:featuredmedia":[{"embeddable":true,"href":"https:\/\/dgospel.com.br\/portal\/index.php\/wp-json\/wp\/v2\/media\/5804"}],"wp:attachment":[{"href":"https:\/\/dgospel.com.br\/portal\/index.php\/wp-json\/wp\/v2\/media?parent=5803"}],"wp:term":[{"taxonomy":"category","embeddable":true,"href":"https:\/\/dgospel.com.br\/portal\/index.php\/wp-json\/wp\/v2\/categories?post=5803"},{"taxonomy":"post_tag","embeddable":true,"href":"https:\/\/dgospel.com.br\/portal\/index.php\/wp-json\/wp\/v2\/tags?post=5803"}],"curies":[{"name":"wp","href":"https:\/\/api.w.org\/{rel}","templated":true}]}}