{"id":5806,"date":"2020-05-29T20:16:29","date_gmt":"2020-05-29T23:16:29","guid":{"rendered":"http:\/\/dgospel.com.br\/portal\/?p=5806"},"modified":"2020-05-29T20:16:30","modified_gmt":"2020-05-29T23:16:30","slug":"vereador-rogerio-freitas-solicita-abertura-de-igrejas-em-palmas","status":"publish","type":"post","link":"https:\/\/dgospel.com.br\/portal\/index.php\/2020\/05\/29\/vereador-rogerio-freitas-solicita-abertura-de-igrejas-em-palmas\/","title":{"rendered":"Vereador Rog\u00e9rio Freitas solicita abertura de Igrejas em Palmas"},"content":{"rendered":"\n<p>\n\nConsiderando a decis\u00e3o do Supremo Tribunal Federal que assegurou aos Governos Estaduais, Distrital e Municipal, no exerc\u00edcio de suas atribui\u00e7\u00f5es e no \u00e2mbito de seus territ\u00f3rios, compet\u00eancia para a ado\u00e7\u00e3o, manuten\u00e7\u00e3o ou flexibiliza\u00e7\u00e3o de medidas restritivas durante a pandemia da COVID-19, o vereador Rog\u00e9rio Freitas (MDB) protocolou um oficio solicitando \u00e0 Prefeita de Palmas, Cinthia Ribeiro (PSDB), a abertura dos templos religiosos na capital.<\/p>\n\n\n\n<p>O parlamentar leva em considera\u00e7\u00e3o que a retomada das atividades devem observar as normas gerais adotadas para controlar a contamina\u00e7\u00e3o, propaga\u00e7\u00e3o e minimizar os efeitos da pandemia. \u201cQueremos que essas atividades, sejam realizadas da maneira mais segura poss\u00edvel. Evitando aglomera\u00e7\u00f5es e recomendando-se a ado\u00e7\u00e3o de meios virtuais nos casos de reuni\u00f5es coletivas\u201d, explica Freitas.<\/p>\n\n\n\n<p>Conforme Freitas, a sa\u00fade de todos os frequentadores deve ser assegurada, com medidas como o uso obrigat\u00f3rio de m\u00e1scara, \u00e1lcool em gel para higienizar as m\u00e3os, distanciamento entre os fi\u00e9is com disponibiliza\u00e7\u00e3o de bancos de forma alternada, limita\u00e7\u00e3o de frequ\u00eancia das pessoas dos grupos de risco e lota\u00e7\u00e3o m\u00e1xima de 30% da capacidade do templo, al\u00e9m de demais regras. \u201cDevemos considerar que as atividades religiosas s\u00e3o importantes para manter a sa\u00fade mental de muitas pessoas neste per\u00edodo. Muitos t\u00eam nas Igrejas, em suas cren\u00e7as, um porto seguro para buscar um al\u00edvio durantes estes dias dificeis\u201d, afirmou o parlamentar.<\/p>\n\n\n\n<p>Entre as normas, o vereador sugere tamb\u00e9m que as celebra\u00e7\u00f5es religiosas sejam realizadas um dia por semana, observando hor\u00e1rios alternados e intervalos entre eles de, no m\u00ednimo duas horas, de modo que n\u00e3o haja aglomera\u00e7\u00f5es interna e nas proximidades dos estabelecimentos religiosos e, sendo realizada a desinfecta\u00e7\u00e3o entre uma celebra\u00e7\u00e3o e outra at\u00e9 que seja normalizado o retorno de todas as atividades.\n\n<\/p>\n","protected":false},"excerpt":{"rendered":"<p>Considerando a decis\u00e3o do Supremo Tribunal Federal que assegurou aos Governos Estaduais, Distrital e Municipal, no exerc\u00edcio de suas atribui\u00e7\u00f5es e no \u00e2mbito de seus territ\u00f3rios, compet\u00eancia para a ado\u00e7\u00e3o, manuten\u00e7\u00e3o ou flexibiliza\u00e7\u00e3o de medidas restritivas durante a pandemia da COVID-19, o vereador Rog\u00e9rio Freitas (MDB) protocolou um oficio solicitando \u00e0 Prefeita de Palmas, Cinthia [&hellip;]<\/p>\n","protected":false},"author":2,"featured_media":5807,"comment_status":"open","ping_status":"open","sticky":false,"template":"","format":"standard","meta":[],"categories":[8,4],"tags":[],"_links":{"self":[{"href":"https:\/\/dgospel.com.br\/portal\/index.php\/wp-json\/wp\/v2\/posts\/5806"}],"collection":[{"href":"https:\/\/dgospel.com.br\/portal\/index.php\/wp-json\/wp\/v2\/posts"}],"about":[{"href":"https:\/\/dgospel.com.br\/portal\/index.php\/wp-json\/wp\/v2\/types\/post"}],"author":[{"embeddable":true,"href":"https:\/\/dgospel.com.br\/portal\/index.php\/wp-json\/wp\/v2\/users\/2"}],"replies":[{"embeddable":true,"href":"https:\/\/dgospel.com.br\/portal\/index.php\/wp-json\/wp\/v2\/comments?post=5806"}],"version-history":[{"count":1,"href":"https:\/\/dgospel.com.br\/portal\/index.php\/wp-json\/wp\/v2\/posts\/5806\/revisions"}],"predecessor-version":[{"id":5808,"href":"https:\/\/dgospel.com.br\/portal\/index.php\/wp-json\/wp\/v2\/posts\/5806\/revisions\/5808"}],"wp:featuredmedia":[{"embeddable":true,"href":"https:\/\/dgospel.com.br\/portal\/index.php\/wp-json\/wp\/v2\/media\/5807"}],"wp:attachment":[{"href":"https:\/\/dgospel.com.br\/portal\/index.php\/wp-json\/wp\/v2\/media?parent=5806"}],"wp:term":[{"taxonomy":"category","embeddable":true,"href":"https:\/\/dgospel.com.br\/portal\/index.php\/wp-json\/wp\/v2\/categories?post=5806"},{"taxonomy":"post_tag","embeddable":true,"href":"https:\/\/dgospel.com.br\/portal\/index.php\/wp-json\/wp\/v2\/tags?post=5806"}],"curies":[{"name":"wp","href":"https:\/\/api.w.org\/{rel}","templated":true}]}}