{"id":581,"date":"2018-06-19T10:15:34","date_gmt":"2018-06-19T13:15:34","guid":{"rendered":"http:\/\/dgospel.com.br\/portal\/?p=581"},"modified":"2018-06-19T10:15:34","modified_gmt":"2018-06-19T13:15:34","slug":"eleitores-do-to-voltam-as-urnas-no-proximo-domingo-para-eleger-o-governador-que-ficara-no-cargo-ate-dezembro-deste-ano","status":"publish","type":"post","link":"https:\/\/dgospel.com.br\/portal\/index.php\/2018\/06\/19\/eleitores-do-to-voltam-as-urnas-no-proximo-domingo-para-eleger-o-governador-que-ficara-no-cargo-ate-dezembro-deste-ano\/","title":{"rendered":"Eleitores do TO voltam \u00e0s urnas no pr\u00f3ximo domingo para eleger o governador que ficar\u00e1 no cargo at\u00e9 dezembro deste ano"},"content":{"rendered":"<p>Os eleitores do Tocantins v\u00e3o voltar \u00e0s urnas no pr\u00f3ximo domingo (24) para eleger o governador, que ficar\u00e1 no cargo at\u00e9 dezembro deste ano. O segundo turno da elei\u00e7\u00e3o suplementar ser\u00e1 realizado nos 139 munic\u00edpios do estado. Os port\u00f5es ser\u00e3o abertos \u00e0s 8h e v\u00e3o fechar \u00e0s 17h. Segundo o Tribunal Regional Eleitoral ser\u00e3o disponibilizadas 4.998 urnas, distribu\u00eddas em 3.718 se\u00e7\u00f5es de vota\u00e7\u00e3o. Confira abaixo os principais prazos.<\/p>\n<p style=\"font-style: inherit; font-weight: inherit;\" data-track-category=\"Link no Texto\" data-track-links=\"\">A partir de ter\u00e7a-feira (19) nenhum eleitor poder\u00e1 ser preso ou detido, exceto em caso de flagrante ou senten\u00e7a por crime inafian\u00e7\u00e1vel.<\/p>\n<p style=\"font-style: inherit; font-weight: inherit;\" data-track-category=\"Link no Texto\" data-track-links=\"\">J\u00e1 na quinta-feira (21) \u00e9 o \u00faltimo dia para propaganda pol\u00edtica, com reuni\u00f5es p\u00fablicas ou com\u00edcios.<\/p>\n<p style=\"font-style: inherit; font-weight: inherit;\" data-track-category=\"Link no Texto\" data-track-links=\"\">Na sexta-feira (22) \u00e9 o \u00faltimo dia para a divulga\u00e7\u00e3o da propaganda eleitoral gratuita do segundo turno no r\u00e1dio e na televis\u00e3o. Al\u00e9m de ser o \u00faltimo dia para a divulga\u00e7\u00e3o paga, na imprensa escrita, de propaganda eleitoral do segundo turno.<\/p>\n<p style=\"font-style: inherit; font-weight: inherit;\" data-track-category=\"Link no Texto\" data-track-links=\"\">No s\u00e1bado (23), v\u00e9spera da elei\u00e7\u00e3o, a Comiss\u00e3o de Auditoria da Vota\u00e7\u00e3o Eletr\u00f4nica promover\u00e1 o sorteio das se\u00e7\u00f5es eleitorais. As urnas ser\u00e3o submetidas aos procedimentos de auditoria da vota\u00e7\u00e3o eletr\u00f4nica.<\/p>\n<p style=\"font-style: inherit; font-weight: inherit;\" data-track-category=\"Link no Texto\" data-track-links=\"\"><strong style=\"font-style: inherit;\">Elei\u00e7\u00e3o Suplementar<\/strong><\/p>\n<p>&nbsp;<\/p>\n<p>No primeiro turno da elei\u00e7\u00e3o, realizada no dia 3 de junho, o candidato mais bem votado no pleito, Mauro Carlesse (PHS) teve 174.275 votos (30,31%). Vicentinho Alves (PR) ficou em segundo com 22%.<\/p>\n<p style=\"font-style: inherit; font-weight: inherit;\" data-track-category=\"Link no Texto\" data-track-links=\"\">Por outro lado, os votos brancos, nulos e absten\u00e7\u00f5es somaram 43,54% dos votos no 1\u00ba turno da elei\u00e7\u00e3o suplementar para governador do Tocantins. Isso representa 443.414 eleitores, quase a metade do total.<\/p>\n<p style=\"font-style: inherit; font-weight: inherit;\" data-track-category=\"Link no Texto\" data-track-links=\"\">A elei\u00e7\u00e3o suplementar foi convocada ap\u00f3s a cassa\u00e7\u00e3o do ex-governador Marcelo Miranda (MDB) e da vice dele, Cl\u00e1udia Lelis (PV). Os dois foram considerados culpados por capta\u00e7\u00e3o ilegal de recursos para a campanha eleitoral de 2014 pelo Tribunal Superior Eleitoral.<\/p>\n<p style=\"font-style: inherit; font-weight: inherit;\" data-track-category=\"Link no Texto\" data-track-links=\"\">O vencedor da elei\u00e7\u00e3o suplementar vai ficar no cargo at\u00e9 31 de dezembro e pode concorrer \u00e0 reelei\u00e7\u00e3o em outubro.<\/p>\n<p style=\"font-style: inherit; font-weight: inherit;\" data-track-category=\"Link no Texto\" data-track-links=\"\"><strong style=\"font-style: inherit;\">Elei\u00e7\u00f5es Gerais<\/strong><\/p>\n<p style=\"font-style: inherit; font-weight: inherit;\" data-track-category=\"Link no Texto\" data-track-links=\"\">O candidato eleito no segundo turno ser\u00e1 diplomado at\u00e9 o dia 9 de julho e exercer\u00e1 o governo do Estado at\u00e9 31 de dezembro. Em 7 de outubro os eleitores do Tocantins voltam novamente \u00e0s urnas para as Elei\u00e7\u00f5es Gerais de 2018, dessa vez para eleger deputado federal, deputado estadual, dois senadores, governador e vice, e presidente da Rep\u00fablica e vice.<\/p>\n<p>&nbsp;<\/p>\n<p><strong>Fonte: G1 Tocantins<\/strong><\/p>\n","protected":false},"excerpt":{"rendered":"<p>Os eleitores do Tocantins v\u00e3o voltar \u00e0s urnas no pr\u00f3ximo domingo (24) para eleger o governador, que ficar\u00e1 no cargo at\u00e9 dezembro deste ano. O segundo turno da elei\u00e7\u00e3o suplementar ser\u00e1 realizado nos 139 munic\u00edpios do estado. Os port\u00f5es ser\u00e3o abertos \u00e0s 8h e v\u00e3o fechar \u00e0s 17h. Segundo o Tribunal Regional Eleitoral ser\u00e3o disponibilizadas [&hellip;]<\/p>\n","protected":false},"author":2,"featured_media":582,"comment_status":"open","ping_status":"open","sticky":false,"template":"","format":"standard","meta":[],"categories":[2,3],"tags":[],"_links":{"self":[{"href":"https:\/\/dgospel.com.br\/portal\/index.php\/wp-json\/wp\/v2\/posts\/581"}],"collection":[{"href":"https:\/\/dgospel.com.br\/portal\/index.php\/wp-json\/wp\/v2\/posts"}],"about":[{"href":"https:\/\/dgospel.com.br\/portal\/index.php\/wp-json\/wp\/v2\/types\/post"}],"author":[{"embeddable":true,"href":"https:\/\/dgospel.com.br\/portal\/index.php\/wp-json\/wp\/v2\/users\/2"}],"replies":[{"embeddable":true,"href":"https:\/\/dgospel.com.br\/portal\/index.php\/wp-json\/wp\/v2\/comments?post=581"}],"version-history":[{"count":1,"href":"https:\/\/dgospel.com.br\/portal\/index.php\/wp-json\/wp\/v2\/posts\/581\/revisions"}],"predecessor-version":[{"id":583,"href":"https:\/\/dgospel.com.br\/portal\/index.php\/wp-json\/wp\/v2\/posts\/581\/revisions\/583"}],"wp:featuredmedia":[{"embeddable":true,"href":"https:\/\/dgospel.com.br\/portal\/index.php\/wp-json\/wp\/v2\/media\/582"}],"wp:attachment":[{"href":"https:\/\/dgospel.com.br\/portal\/index.php\/wp-json\/wp\/v2\/media?parent=581"}],"wp:term":[{"taxonomy":"category","embeddable":true,"href":"https:\/\/dgospel.com.br\/portal\/index.php\/wp-json\/wp\/v2\/categories?post=581"},{"taxonomy":"post_tag","embeddable":true,"href":"https:\/\/dgospel.com.br\/portal\/index.php\/wp-json\/wp\/v2\/tags?post=581"}],"curies":[{"name":"wp","href":"https:\/\/api.w.org\/{rel}","templated":true}]}}