{"id":5812,"date":"2020-05-29T20:41:12","date_gmt":"2020-05-29T23:41:12","guid":{"rendered":"http:\/\/dgospel.com.br\/portal\/?p=5812"},"modified":"2020-05-29T20:46:53","modified_gmt":"2020-05-29T23:46:53","slug":"damares-alves-diz-que-a-igreja-sera-vista-de-outra-forma-por-ajuda-durante-pandemia","status":"publish","type":"post","link":"https:\/\/dgospel.com.br\/portal\/index.php\/2020\/05\/29\/damares-alves-diz-que-a-igreja-sera-vista-de-outra-forma-por-ajuda-durante-pandemia\/","title":{"rendered":"Damares Alves diz que \u201ca Igreja ser\u00e1 vista de outra forma\u201d por ajuda durante pandemia"},"content":{"rendered":"\n<p>A ministra da Mulher, da Fam\u00edlia e dos Direitos Humanos,&nbsp;<strong><a href=\"https:\/\/guiame.com.br\/gospel\/noticias\/damares-alves-pede-lideres-religiosos-que-evitem-aglomeracoes-nas-proximas-semanas.html\">Damares Alves<\/a><\/strong>, foi uma das convidadas do terceiro encontro da 1\u00aa Jornada Virtual de Estudos em Direito e Religi\u00e3o.<\/p>\n\n\n\n<p>O webin\u00e1rio, promovido pelo Instituto Brasileiro de Direito e Religi\u00e3o (IBDR), discute semanalmente comportamento humano observado diante da\u00a0<strong><a href=\"https:\/\/guiame.com.br\/gospel\/noticias\/casal-de-idosos-e-curado-da-covid-19-e-familia-agradece-foi-um-milagre.html\">Covid-19<\/a><\/strong>. O tema do evento desta vez foi \u201cA voca\u00e7\u00e3o social da Igreja Crist\u00e3 em tempos de pandemia\u201d.<\/p>\n\n\n\n<p>Damares afirmou que o cen\u00e1rio no pa\u00eds seria ainda mais cr\u00edtico se n\u00e3o fosse pela atua\u00e7\u00e3o da Igreja junto ao Estado durante a crise do novo coronav\u00edrus. \u201cComo ministra, lidero a\u00e7\u00f5es voltadas aos vulner\u00e1veis. Depois da pandemia, a sociedade vai nos olhar como Igreja de outra forma\u201d, diz ela, tamb\u00e9m pastora.<\/p>\n\n\n\n<p>Segundo a ministra, deputados federais e senadores que defendem a taxa\u00e7\u00e3o de impostos a entidades evang\u00e9licas e cat\u00f3licas na dentro da reforma tribut\u00e1ria \u201cir\u00e3o repensar algumas pr\u00e1ticas no Congresso Nacional\u201d. \u201cEssa pandemia veio para derrubar a ideia de que Estado, mesmo laico, e Igreja n\u00e3o podem trabalhar juntos\u201d, reiterou.<\/p>\n\n\n\n<p><strong>Repatria\u00e7\u00e3o<\/strong><\/p>\n\n\n\n<p>Como exemplo, Damares falou sobre a repatria\u00e7\u00e3o de brasileiros que n\u00e3o conseguiam voltar do exterior em virtude das dificuldades motivadas pela Covid-19. \u201cNossos avi\u00f5es n\u00e3o podiam busc\u00e1-los porque aeroportos estavam fechados. Eles teriam que dormir na rua. N\u00e3o podiam ficar nem em hot\u00e9is. Contatamos filiais das igrejas nos pa\u00edses, que abrigaram nossos brasileiros. Trouxemos 21 mil pessoas\u201d, lembrou.<\/p>\n\n\n\n<p>A ministra citou, ainda, que institui\u00e7\u00f5es religiosas socorreram pessoas que moram no interior do Brasil e n\u00e3o t\u00eam ag\u00eancias banc\u00e1rias em suas cidades a fim de receberem o aux\u00edlio emerg\u00eancia de R$ 600 destinados pelo governo federal. \u201cEmbarca\u00e7\u00f5es de igrejas crist\u00e3s serviram como bancos em locais que o acesso \u00e9 por rio em que munic\u00edpios maiores fecharam suas entradas\u201d, contou.<\/p>\n\n\n\n<p>Segundo a ministra, o Brasil dever\u00e1 rever as pol\u00edticas p\u00fablicas na \u00e1rea social p\u00f3s-pandemia. \u201cNem o cadastro dos mais de 2,5 mil abrigos de idosos do pa\u00eds o governo federal tinha\u201d, revelou.<\/p>\n\n\n\n<p>Ela garante que \u201cdenomina\u00e7\u00f5es religiosas que n\u00e3o ser\u00e3o reveladas\u201d fornecem alimentos e equipamentos a lares de idosos e abrigos de crian\u00e7as \u201cem sil\u00eancio\u201d. Damares defendeu a liberdade religiosa e a manuten\u00e7\u00e3o da igreja como servi\u00e7o essencial durante a pandemia.<\/p>\n\n\n\n<p>O quarto e \u00faltimo webin\u00e1rio ser\u00e1 em 2 de junho.<\/p>\n\n\n\n<p>FONTE: GUIAME, COM INFORMA\u00c7\u00d5ES DO CORREIO DO POVO<br><\/p>\n","protected":false},"excerpt":{"rendered":"<p>A ministra da Mulher, da Fam\u00edlia e dos Direitos Humanos,&nbsp;Damares Alves, foi uma das convidadas do terceiro encontro da 1\u00aa Jornada Virtual de Estudos em Direito e Religi\u00e3o. O webin\u00e1rio, promovido pelo Instituto Brasileiro de Direito e Religi\u00e3o (IBDR), discute semanalmente comportamento humano observado diante da\u00a0Covid-19. O tema do evento desta vez foi \u201cA voca\u00e7\u00e3o [&hellip;]<\/p>\n","protected":false},"author":2,"featured_media":5813,"comment_status":"open","ping_status":"open","sticky":false,"template":"","format":"standard","meta":[],"categories":[6,4],"tags":[],"_links":{"self":[{"href":"https:\/\/dgospel.com.br\/portal\/index.php\/wp-json\/wp\/v2\/posts\/5812"}],"collection":[{"href":"https:\/\/dgospel.com.br\/portal\/index.php\/wp-json\/wp\/v2\/posts"}],"about":[{"href":"https:\/\/dgospel.com.br\/portal\/index.php\/wp-json\/wp\/v2\/types\/post"}],"author":[{"embeddable":true,"href":"https:\/\/dgospel.com.br\/portal\/index.php\/wp-json\/wp\/v2\/users\/2"}],"replies":[{"embeddable":true,"href":"https:\/\/dgospel.com.br\/portal\/index.php\/wp-json\/wp\/v2\/comments?post=5812"}],"version-history":[{"count":1,"href":"https:\/\/dgospel.com.br\/portal\/index.php\/wp-json\/wp\/v2\/posts\/5812\/revisions"}],"predecessor-version":[{"id":5814,"href":"https:\/\/dgospel.com.br\/portal\/index.php\/wp-json\/wp\/v2\/posts\/5812\/revisions\/5814"}],"wp:featuredmedia":[{"embeddable":true,"href":"https:\/\/dgospel.com.br\/portal\/index.php\/wp-json\/wp\/v2\/media\/5813"}],"wp:attachment":[{"href":"https:\/\/dgospel.com.br\/portal\/index.php\/wp-json\/wp\/v2\/media?parent=5812"}],"wp:term":[{"taxonomy":"category","embeddable":true,"href":"https:\/\/dgospel.com.br\/portal\/index.php\/wp-json\/wp\/v2\/categories?post=5812"},{"taxonomy":"post_tag","embeddable":true,"href":"https:\/\/dgospel.com.br\/portal\/index.php\/wp-json\/wp\/v2\/tags?post=5812"}],"curies":[{"name":"wp","href":"https:\/\/api.w.org\/{rel}","templated":true}]}}