{"id":5819,"date":"2020-06-01T17:22:17","date_gmt":"2020-06-01T20:22:17","guid":{"rendered":"http:\/\/dgospel.com.br\/portal\/?p=5819"},"modified":"2020-06-01T17:22:19","modified_gmt":"2020-06-01T20:22:19","slug":"governo-estuda-4a-parcela-do-auxilio-emergencial-durante-pandemia","status":"publish","type":"post","link":"https:\/\/dgospel.com.br\/portal\/index.php\/2020\/06\/01\/governo-estuda-4a-parcela-do-auxilio-emergencial-durante-pandemia\/","title":{"rendered":"Governo estuda 4\u00aa parcela do aux\u00edlio emergencial durante pandemia"},"content":{"rendered":"\n<p>O governo federal anunciou na \u00faltima semana (28) que estuda a possibilidade de uma quarta parcela do aux\u00edlio emergencial para os prejudicados pela pandemia. O valor de R$ 600 ainda ser\u00e1 revisto, podendo ser reduzido.&nbsp;<\/p>\n\n\n\n<p>Inicialmente, o benefici\u00e1rio tem direito a at\u00e9 tr\u00eas parcelas do aux\u00edlio. Podem receber a ajuda os trabalhadores informais, integrantes do Bolsa Fam\u00edlia e pessoas de baixa renda. At\u00e9 o momento, cerca de 59 milh\u00f5es de pessoas j\u00e1 receberam o dinheiro, de acordo com a Caixa Econ\u00f4mica Federal. Cada parcela custa aos cofres p\u00fablicos quase R$ 50 bilh\u00f5es de reais.&nbsp;<\/p>\n\n\n\n<p>O presidente da C\u00e2mara dos Deputados, Rodrigo Maia&nbsp;(DEM-RJ), defendeu a perman\u00eancia do aux\u00edlio emergencial por mais tempo e com o mesmo valor de R$ 600.&nbsp;<\/p>\n\n\n\n<p>O governo estuda, ainda, outras medidas para a retomada da economia ap\u00f3s a pandemia do novo coronav\u00edrus, como o programa Carteira Verde e Amarela, medida que flexibiliza direitos trabalhistas para facilitar contrata\u00e7\u00f5es.&nbsp;<\/p>\n","protected":false},"excerpt":{"rendered":"<p>O governo federal anunciou na \u00faltima semana (28) que estuda a possibilidade de uma quarta parcela do aux\u00edlio emergencial para os prejudicados pela pandemia. O valor de R$ 600 ainda ser\u00e1 revisto, podendo ser reduzido.&nbsp; Inicialmente, o benefici\u00e1rio tem direito a at\u00e9 tr\u00eas parcelas do aux\u00edlio. Podem receber a ajuda os trabalhadores informais, integrantes do [&hellip;]<\/p>\n","protected":false},"author":2,"featured_media":5820,"comment_status":"open","ping_status":"open","sticky":false,"template":"","format":"standard","meta":[],"categories":[6,4],"tags":[],"_links":{"self":[{"href":"https:\/\/dgospel.com.br\/portal\/index.php\/wp-json\/wp\/v2\/posts\/5819"}],"collection":[{"href":"https:\/\/dgospel.com.br\/portal\/index.php\/wp-json\/wp\/v2\/posts"}],"about":[{"href":"https:\/\/dgospel.com.br\/portal\/index.php\/wp-json\/wp\/v2\/types\/post"}],"author":[{"embeddable":true,"href":"https:\/\/dgospel.com.br\/portal\/index.php\/wp-json\/wp\/v2\/users\/2"}],"replies":[{"embeddable":true,"href":"https:\/\/dgospel.com.br\/portal\/index.php\/wp-json\/wp\/v2\/comments?post=5819"}],"version-history":[{"count":1,"href":"https:\/\/dgospel.com.br\/portal\/index.php\/wp-json\/wp\/v2\/posts\/5819\/revisions"}],"predecessor-version":[{"id":5821,"href":"https:\/\/dgospel.com.br\/portal\/index.php\/wp-json\/wp\/v2\/posts\/5819\/revisions\/5821"}],"wp:featuredmedia":[{"embeddable":true,"href":"https:\/\/dgospel.com.br\/portal\/index.php\/wp-json\/wp\/v2\/media\/5820"}],"wp:attachment":[{"href":"https:\/\/dgospel.com.br\/portal\/index.php\/wp-json\/wp\/v2\/media?parent=5819"}],"wp:term":[{"taxonomy":"category","embeddable":true,"href":"https:\/\/dgospel.com.br\/portal\/index.php\/wp-json\/wp\/v2\/categories?post=5819"},{"taxonomy":"post_tag","embeddable":true,"href":"https:\/\/dgospel.com.br\/portal\/index.php\/wp-json\/wp\/v2\/tags?post=5819"}],"curies":[{"name":"wp","href":"https:\/\/api.w.org\/{rel}","templated":true}]}}