{"id":5822,"date":"2020-06-01T17:34:38","date_gmt":"2020-06-01T20:34:38","guid":{"rendered":"http:\/\/dgospel.com.br\/portal\/?p=5822"},"modified":"2020-06-01T17:34:39","modified_gmt":"2020-06-01T20:34:39","slug":"vice-governador-wanderlei-barbosa-lembra-data-historica-que-transfere-sede-dos-poderes-para-taquarucu","status":"publish","type":"post","link":"https:\/\/dgospel.com.br\/portal\/index.php\/2020\/06\/01\/vice-governador-wanderlei-barbosa-lembra-data-historica-que-transfere-sede-dos-poderes-para-taquarucu\/","title":{"rendered":"Vice-governador Wanderlei Barbosa lembra data hist\u00f3rica que transfere sede dos poderes para Taquaru\u00e7u"},"content":{"rendered":"\n<p>Nesta segunda-feira, 1\u00ba, a sede da capital do Tocantins, Palmas, seria transferida para o distrito de Taquaru\u00e7u. A mudan\u00e7a est\u00e1 prevista na Emenda n\u00ba 053\/2006 \u00e0 Lei Org\u00e2nica do munic\u00edpio que \u00e9 de autoria do atual vice-governador do Tocantins Wanderlei Barbosa, que na \u00e9poca era vereador na Capital.&nbsp;O evento foi cancelado em raz\u00e3o da pandemia do novo Coronav\u00edrus em ato excepcional da Presid\u00eancia da C\u00e2mara Municipal da Capital, publicado no dia 27 de maio de 2020.<\/p>\n\n\n\n<p>A transfer\u00eancia \u00e9 uma homenagem ao antigo munic\u00edpio de Taquaru\u00e7u do Porto que cedeu o pr\u00f3prio territ\u00f3rio para a constru\u00e7\u00e3o de Palmas em 1\u00ba de janeiro de 1990. Na \u00e9poca o prefeito era Fenelon Barbosa, pai do vice-governador Wanderlei Barbosa.&nbsp;<\/p>\n\n\n\n<p>O distrito de Taquaru\u00e7u se torna sede dos poderes executivo e legislativo onde a popula\u00e7\u00e3o costuma receber atendimentos especiais nas \u00e1reas sociais, de sa\u00fade e cultura. Tamb\u00e9m s\u00e3o apresentados requerimentos dos vereadores, ordens de servi\u00e7o do executivo, al\u00e9m de homenagens a muitas pessoas que contribu\u00edram na cria\u00e7\u00e3o e na constru\u00e7\u00e3o da Capital.<\/p>\n\n\n\n<p>Autor do projeto, o vice-governador Wanderlei Barbosa, destaca a import\u00e2ncia da data, que al\u00e9m de ser um reconhecimento ao Distrito \u00e9 uma maneira de&nbsp;homenagear&nbsp;os moradores da regi\u00e3o. Ele comenta tamb\u00e9m sobre o cancelamento do evento e aborda a perspectiva diante da realidade da pandemia do novo Coronav\u00edrus.<\/p>\n\n\n\n<p>Wanderlei Barbosa ressalta que o atual cen\u00e1rio \u00e9 preocupante e todos tem que seguir as recomenda\u00e7\u00f5es da Organiza\u00e7\u00e3o Mundial de Sa\u00fade (OMS) com a manuten\u00e7\u00e3o do distanciamento social em raz\u00e3o da Covid-19. \u201dDevido \u00e0 pandemia todas as festividades ou aglomera\u00e7\u00f5es foram suspensas, Taquaru\u00e7u \u00e9 para ser lembrada historicamente e nos orgulha bastante ter sido autor do projeto que transforma Taquaru\u00e7u em Capital por um dia\u201d, afirma.<\/p>\n\n\n\n<p>Wanderlei Barbosa lembra que nesta data a capital por um dia realiza atendimentos ao p\u00fablico, sess\u00e3o da c\u00e2mara em reconhecimento hist\u00f3rico ao Distrito, dentre outros.<\/p>\n\n\n\n<p>O Vice-governador destaca&nbsp;ainda que o momento de reconhecimento hist\u00f3rico do distrito de Taquaru\u00e7u deve ser lembrado por meio das redes sociais e m\u00eddias eletr\u00f4nicas e defendeu o distanciamento social como forma de preven\u00e7\u00e3o \u00e0&nbsp;Covid-19.<\/p>\n","protected":false},"excerpt":{"rendered":"<p>Nesta segunda-feira, 1\u00ba, a sede da capital do Tocantins, Palmas, seria transferida para o distrito de Taquaru\u00e7u. A mudan\u00e7a est\u00e1 prevista na Emenda n\u00ba 053\/2006 \u00e0 Lei Org\u00e2nica do munic\u00edpio que \u00e9 de autoria do atual vice-governador do Tocantins Wanderlei Barbosa, que na \u00e9poca era vereador na Capital.&nbsp;O evento foi cancelado em raz\u00e3o da pandemia [&hellip;]<\/p>\n","protected":false},"author":2,"featured_media":5823,"comment_status":"open","ping_status":"open","sticky":false,"template":"","format":"standard","meta":[],"categories":[4],"tags":[],"_links":{"self":[{"href":"https:\/\/dgospel.com.br\/portal\/index.php\/wp-json\/wp\/v2\/posts\/5822"}],"collection":[{"href":"https:\/\/dgospel.com.br\/portal\/index.php\/wp-json\/wp\/v2\/posts"}],"about":[{"href":"https:\/\/dgospel.com.br\/portal\/index.php\/wp-json\/wp\/v2\/types\/post"}],"author":[{"embeddable":true,"href":"https:\/\/dgospel.com.br\/portal\/index.php\/wp-json\/wp\/v2\/users\/2"}],"replies":[{"embeddable":true,"href":"https:\/\/dgospel.com.br\/portal\/index.php\/wp-json\/wp\/v2\/comments?post=5822"}],"version-history":[{"count":1,"href":"https:\/\/dgospel.com.br\/portal\/index.php\/wp-json\/wp\/v2\/posts\/5822\/revisions"}],"predecessor-version":[{"id":5824,"href":"https:\/\/dgospel.com.br\/portal\/index.php\/wp-json\/wp\/v2\/posts\/5822\/revisions\/5824"}],"wp:featuredmedia":[{"embeddable":true,"href":"https:\/\/dgospel.com.br\/portal\/index.php\/wp-json\/wp\/v2\/media\/5823"}],"wp:attachment":[{"href":"https:\/\/dgospel.com.br\/portal\/index.php\/wp-json\/wp\/v2\/media?parent=5822"}],"wp:term":[{"taxonomy":"category","embeddable":true,"href":"https:\/\/dgospel.com.br\/portal\/index.php\/wp-json\/wp\/v2\/categories?post=5822"},{"taxonomy":"post_tag","embeddable":true,"href":"https:\/\/dgospel.com.br\/portal\/index.php\/wp-json\/wp\/v2\/tags?post=5822"}],"curies":[{"name":"wp","href":"https:\/\/api.w.org\/{rel}","templated":true}]}}