{"id":5825,"date":"2020-06-02T14:01:40","date_gmt":"2020-06-02T17:01:40","guid":{"rendered":"http:\/\/dgospel.com.br\/portal\/?p=5825"},"modified":"2020-06-02T14:01:41","modified_gmt":"2020-06-02T17:01:41","slug":"rogerio-freitas-afirma-que-igrejas-esperam-dialogo-com-gestao-e-cobra-abertura-das-atividades","status":"publish","type":"post","link":"https:\/\/dgospel.com.br\/portal\/index.php\/2020\/06\/02\/rogerio-freitas-afirma-que-igrejas-esperam-dialogo-com-gestao-e-cobra-abertura-das-atividades\/","title":{"rendered":"Rog\u00e9rio Freitas afirma que Igrejas esperam di\u00e1logo com gest\u00e3o e cobra abertura das atividades"},"content":{"rendered":"\n<p>\n\nNa manh\u00e3 de ter\u00e7a-feira, 2, ao retornar os trabalhos legislativos na C\u00e2mara Municipal, o vereador Rog\u00e9rio Freitas (MDB) refor\u00e7ou o pedido de abertura dos templos religiosos na Capital. O parlamentar protocolou na \u00faltima sexta-feira, 29, um of\u00edcio \u00e0 Prefeitura de Palmas, visto que o Supremo Tribunal Federal assegurou a flexibiliza\u00e7\u00e3o de abertura de com\u00e9rcios e servi\u00e7os.<\/p>\n\n\n\n<p>Para Rog\u00e9rio, a abertura s\u00f3 deve ser feita com a ado\u00e7\u00e3o de normas que evitem aglomera\u00e7\u00e3o e assegurem a sa\u00fade de todos os frequentadores, como manter o uso obrigat\u00f3rio de m\u00e1scara, \u00e1lcool em gel para higienizar as m\u00e3os, distanciamento entre os fi\u00e9is, al\u00e9m de demais regras que sejam necess\u00e1rias para evitar o cont\u00e1gio e dissemina\u00e7\u00e3o do novo coronav\u00edrus. \u201cAs atividades religiosas s\u00e3o importantes para manter a sa\u00fade mental de muitas pessoas nesta \u00e9poca de incertezas. Somos um povo de f\u00e9, e muitos t\u00eam nas igrejas, em suas cren\u00e7as, um porto seguro para a busca de al\u00edvio\u201d, diz o parlamentar.<\/p>\n\n\n\n<p>O vereador afirmou ainda que as Igrejas est\u00e3o prontas para dialogar com a prefeita, para a regulamenta\u00e7\u00e3o dos cultos. \u201cOs templos religiosos t\u00eam dificuldade de desobedecer e ir\u00e3o seguir \u00e0 risca as recomenda\u00e7\u00f5es dos \u00f3rg\u00e3os de sa\u00fade. A flexibiliza\u00e7\u00e3o est\u00e1 acontecendo para todos, menos para as Igrejas. A tentativa de criminaliza-las n\u00e3o ir\u00e1 funcionar\u201d, finalizou.\n\n<\/p>\n","protected":false},"excerpt":{"rendered":"<p>Na manh\u00e3 de ter\u00e7a-feira, 2, ao retornar os trabalhos legislativos na C\u00e2mara Municipal, o vereador Rog\u00e9rio Freitas (MDB) refor\u00e7ou o pedido de abertura dos templos religiosos na Capital. O parlamentar protocolou na \u00faltima sexta-feira, 29, um of\u00edcio \u00e0 Prefeitura de Palmas, visto que o Supremo Tribunal Federal assegurou a flexibiliza\u00e7\u00e3o de abertura de com\u00e9rcios e [&hellip;]<\/p>\n","protected":false},"author":2,"featured_media":5826,"comment_status":"open","ping_status":"open","sticky":false,"template":"","format":"standard","meta":[],"categories":[8],"tags":[],"_links":{"self":[{"href":"https:\/\/dgospel.com.br\/portal\/index.php\/wp-json\/wp\/v2\/posts\/5825"}],"collection":[{"href":"https:\/\/dgospel.com.br\/portal\/index.php\/wp-json\/wp\/v2\/posts"}],"about":[{"href":"https:\/\/dgospel.com.br\/portal\/index.php\/wp-json\/wp\/v2\/types\/post"}],"author":[{"embeddable":true,"href":"https:\/\/dgospel.com.br\/portal\/index.php\/wp-json\/wp\/v2\/users\/2"}],"replies":[{"embeddable":true,"href":"https:\/\/dgospel.com.br\/portal\/index.php\/wp-json\/wp\/v2\/comments?post=5825"}],"version-history":[{"count":1,"href":"https:\/\/dgospel.com.br\/portal\/index.php\/wp-json\/wp\/v2\/posts\/5825\/revisions"}],"predecessor-version":[{"id":5827,"href":"https:\/\/dgospel.com.br\/portal\/index.php\/wp-json\/wp\/v2\/posts\/5825\/revisions\/5827"}],"wp:featuredmedia":[{"embeddable":true,"href":"https:\/\/dgospel.com.br\/portal\/index.php\/wp-json\/wp\/v2\/media\/5826"}],"wp:attachment":[{"href":"https:\/\/dgospel.com.br\/portal\/index.php\/wp-json\/wp\/v2\/media?parent=5825"}],"wp:term":[{"taxonomy":"category","embeddable":true,"href":"https:\/\/dgospel.com.br\/portal\/index.php\/wp-json\/wp\/v2\/categories?post=5825"},{"taxonomy":"post_tag","embeddable":true,"href":"https:\/\/dgospel.com.br\/portal\/index.php\/wp-json\/wp\/v2\/tags?post=5825"}],"curies":[{"name":"wp","href":"https:\/\/api.w.org\/{rel}","templated":true}]}}