{"id":5828,"date":"2020-06-02T14:38:46","date_gmt":"2020-06-02T17:38:46","guid":{"rendered":"http:\/\/dgospel.com.br\/portal\/?p=5828"},"modified":"2020-06-02T14:38:47","modified_gmt":"2020-06-02T17:38:47","slug":"laudecy-coimbra-assegura-dialogo-entre-cinthia-ribeiro-e-entidades-religiosas-e-ressalta-comprometimento-com-o-cidadao","status":"publish","type":"post","link":"https:\/\/dgospel.com.br\/portal\/index.php\/2020\/06\/02\/laudecy-coimbra-assegura-dialogo-entre-cinthia-ribeiro-e-entidades-religiosas-e-ressalta-comprometimento-com-o-cidadao\/","title":{"rendered":"Laudecy Coimbra assegura di\u00e1logo entre Cinthia Ribeiro e entidades religiosas e ressalta comprometimento com o cidad\u00e3o"},"content":{"rendered":"\n<p>\n\nAp\u00f3s pronunciamento de parlamentares sobre abertura de templos religiosos, durante a sess\u00e3o de ter\u00e7a-feira, 2, a vereadora Laudecy Coimbra (SD) relatou que a Prefeitura de Palmas iniciou di\u00e1logo com l\u00edderes religiosos e ser\u00e1 publicado protocolos para a retomada das atividades das Igrejas no munic\u00edpio.<\/p>\n\n\n\n<p>Conforme a vereadora, os protocolos de abertura das atividades econ\u00f4micas e setores de servi\u00e7os, assim como os templos religiosos ser\u00e3o retomados. \u201cSabemos da import\u00e2ncia dos trabalhos prestados pelas Igrejas e o munic\u00edpio est\u00e1 discutindo a flexibiliza\u00e7\u00e3o e regulamenta\u00e7\u00e3o de culto presencial. Logo ser\u00e1 publicado via decreto\u201d, assegurou.<\/p>\n\n\n\n<p>Laudecy refor\u00e7a que muitas medidas foram dif\u00edceis, mas, necess\u00e1rias visto que resultam na conten\u00e7\u00e3o da doen\u00e7a. \u201cAt\u00e9 o momento Palmas n\u00e3o teve dificuldade com atendimento ou falta de leitos de UTIs para a popula\u00e7\u00e3o. Isso \u00e9 uma realidade alcan\u00e7ada pela tomada de decis\u00f5es de uma prefeita sens\u00edvel. Devemos reconhecer o que foi feito\u201d, pontuou.<\/p>\n\n\n\n<p>A l\u00edder de governo lembra ainda que todos os vereadores est\u00e3o trabalhando para solucionar os problemas que surgem devido \u00e0 pandemia e reafirma que os n\u00fameros de Palmas mostram que a condu\u00e7\u00e3o da crise pela prefeita Cinthia Ribeiro foram boas. \u201cEstamos tentando voltar dentro poss\u00edvel, mas n\u00e3o sabemos de fato quando essa situa\u00e7\u00e3o ir\u00e1 se estabilizar. Sabemos que a vida n\u00e3o \u00e9 desassociada da economia e da sa\u00fade, mas \u00e9 um conjunto. Entretanto, n\u00e3o precisamos minimizar o n\u00famero de mortes decorridos da doen\u00e7a, para provar que a economia \u00e9 importante, pois cada vida perdida \u00e9 uma trag\u00e9dia para alguma fam\u00edlia\u201d, lamentou Laudecy.<\/p>\n\n\n\n<p><\/p>\n","protected":false},"excerpt":{"rendered":"<p>Ap\u00f3s pronunciamento de parlamentares sobre abertura de templos religiosos, durante a sess\u00e3o de ter\u00e7a-feira, 2, a vereadora Laudecy Coimbra (SD) relatou que a Prefeitura de Palmas iniciou di\u00e1logo com l\u00edderes religiosos e ser\u00e1 publicado protocolos para a retomada das atividades das Igrejas no munic\u00edpio. Conforme a vereadora, os protocolos de abertura das atividades econ\u00f4micas e [&hellip;]<\/p>\n","protected":false},"author":2,"featured_media":5829,"comment_status":"open","ping_status":"open","sticky":false,"template":"","format":"standard","meta":[],"categories":[8,4],"tags":[],"_links":{"self":[{"href":"https:\/\/dgospel.com.br\/portal\/index.php\/wp-json\/wp\/v2\/posts\/5828"}],"collection":[{"href":"https:\/\/dgospel.com.br\/portal\/index.php\/wp-json\/wp\/v2\/posts"}],"about":[{"href":"https:\/\/dgospel.com.br\/portal\/index.php\/wp-json\/wp\/v2\/types\/post"}],"author":[{"embeddable":true,"href":"https:\/\/dgospel.com.br\/portal\/index.php\/wp-json\/wp\/v2\/users\/2"}],"replies":[{"embeddable":true,"href":"https:\/\/dgospel.com.br\/portal\/index.php\/wp-json\/wp\/v2\/comments?post=5828"}],"version-history":[{"count":1,"href":"https:\/\/dgospel.com.br\/portal\/index.php\/wp-json\/wp\/v2\/posts\/5828\/revisions"}],"predecessor-version":[{"id":5830,"href":"https:\/\/dgospel.com.br\/portal\/index.php\/wp-json\/wp\/v2\/posts\/5828\/revisions\/5830"}],"wp:featuredmedia":[{"embeddable":true,"href":"https:\/\/dgospel.com.br\/portal\/index.php\/wp-json\/wp\/v2\/media\/5829"}],"wp:attachment":[{"href":"https:\/\/dgospel.com.br\/portal\/index.php\/wp-json\/wp\/v2\/media?parent=5828"}],"wp:term":[{"taxonomy":"category","embeddable":true,"href":"https:\/\/dgospel.com.br\/portal\/index.php\/wp-json\/wp\/v2\/categories?post=5828"},{"taxonomy":"post_tag","embeddable":true,"href":"https:\/\/dgospel.com.br\/portal\/index.php\/wp-json\/wp\/v2\/tags?post=5828"}],"curies":[{"name":"wp","href":"https:\/\/api.w.org\/{rel}","templated":true}]}}