{"id":5831,"date":"2020-06-02T17:57:56","date_gmt":"2020-06-02T20:57:56","guid":{"rendered":"http:\/\/dgospel.com.br\/portal\/?p=5831"},"modified":"2020-06-02T17:57:58","modified_gmt":"2020-06-02T20:57:58","slug":"milton-neris-estranha-a-prefeitura-de-palmas-ter-feito-apenas-6-testes-no-laboratorio-municipal-em-um-dia","status":"publish","type":"post","link":"https:\/\/dgospel.com.br\/portal\/index.php\/2020\/06\/02\/milton-neris-estranha-a-prefeitura-de-palmas-ter-feito-apenas-6-testes-no-laboratorio-municipal-em-um-dia\/","title":{"rendered":"Milton Neris estranha a Prefeitura de Palmas ter feito apenas 6 testes no Laborat\u00f3rio Municipal em um dia"},"content":{"rendered":"\n<p>\n\nNa sess\u00e3o da C\u00e2mara de Vereadores de Palmas nesta ter\u00e7a-feira, 02, o vereador Milton Neris (PDT) disse que \u00e9 uma vergonha que Palmas s\u00f3 tenha feito apenas 6 testes em um dia no Laborat\u00f3rio Municipal e s\u00f3 disponha \u2013 conforme divulgado por ela mesmo \u2013 de apenas 20 leitos de UTI para atendimento a pessoas com o novo coronav\u00edrus na rede p\u00fablica para uma popula\u00e7\u00e3o de quase 300 mil habitantes.<\/p>\n\n\n\n<p>Na rotina de exames de domingo, nos laborat\u00f3rios p\u00fablicos e privados de Palmas, foram realizados 37 testes. O Laborat\u00f3rio Central de Estado (Lacen) fez 30 exames, descartando 20 casos e confirmando 10 resultados. Apenas um teste foi realizado em laborat\u00f3rio particular, com resultado positivo. J\u00e1 o Laborat\u00f3rio Municipal de Palmas realizou apenas seis exames.<\/p>\n\n\n\n<p>\u201cMas que vergonha, a prefeita informar que adquiriu 10 mil testes e ter recebido outros 15 mil do Tribunal de Justi\u00e7a e aplicar s\u00f3 meia d\u00fazia em um \u00fanico dia. Por ser domingo? Como se o v\u00edrus folgasse aos finais de semana\u201d, avaliou.<\/p>\n\n\n\n<p>Transmiss\u00e3o comunit\u00e1ria<\/p>\n\n\n\n<p>Outro ponto abordado por Milton Neris \u00e9 o fato de Palmas ter ultrapassado os 640 casos confirmados, e a Vigil\u00e2ncia Epidemiol\u00f3gica admitir que 42% das pessoas j\u00e1 foram contaminadas por meio de transmiss\u00e3o comunit\u00e1ria. Segundo ele, se a transmiss\u00e3o comunit\u00e1ria \u00e9 t\u00e3o grande, e por ser comunit\u00e1ria deve aumentar mais ainda, a Prefeitura deveria come\u00e7ar a testar sintom\u00e1ticos, n\u00e3o somente os casos graves, mas tamb\u00e9m os leves e moderados, e os assintom\u00e1ticos que tiveram contato com doentes. Ampliar a disponibiliza\u00e7\u00e3o de testes para a popula\u00e7\u00e3o, em sua opini\u00e3o, \u00e9 medida preventiva.<\/p>\n\n\n\n<p>Para ele, por falta de testagens mais rigorosas, pessoas assintom\u00e1ticas espalham, sem saber que est\u00e3o infectadas, a Covid-19 na Capital. \u201cAmpliar a testagem \u00e9 importante para a pr\u00f3pria gest\u00e3o, que parece jogar contra ela mesma, para a avalia\u00e7\u00e3o da velocidade de expans\u00e3o do v\u00edrus ao longo do tempo e ser mais certeira na preven\u00e7\u00e3o de novos casos\u201d, sugeriu.<\/p>\n\n\n\n<p>Neris questionou a gest\u00e3o municipal ainda o fato dela n\u00e3o ter adquirido ainda uma UTI M\u00f3vel, ap\u00f3s 70 dias de pandemia. \u201cTer somente 20 leitos na rede p\u00fablica, e contar com os leitos da rede particular, n\u00e3o \u00e9 motivo de se vangloriar. O cidad\u00e3o \u00e9 atendido pelo SUS, n\u00e3o tem como pagar uma fortuna para ser internado na rede privada\u201d, argumentou.<\/p>\n\n\n\n<p>Segundo o pedetista, a popula\u00e7\u00e3o est\u00e1 em casa com medo, e esse medo inclui o temor de ser infectada e n\u00e3o dispor de atendimento. \u201cN\u00e3o vejo a\u00e7\u00f5es concretas no combate \u00e0 pandemia em Palmas. O Brasil nem atingiu o pico na curva de doentes, e Palmas nem metade da curva de subida\u201d, analisou o parlamentar, solicitando que a C\u00e2mara de Vereadores tome medidas mais en\u00e9rgicas e cobrar tanto da prefeita como do COE (Centro de Opera\u00e7\u00f5es de Emerg\u00eancia em Sa\u00fade) suas responsabilidades. \u201cCad\u00ea o planejamento, n\u00e3o vale cobrar ou culpar apenas a popula\u00e7\u00e3o pelos novos casos\u201d, advertiu.\n\n<\/p>\n","protected":false},"excerpt":{"rendered":"<p>Na sess\u00e3o da C\u00e2mara de Vereadores de Palmas nesta ter\u00e7a-feira, 02, o vereador Milton Neris (PDT) disse que \u00e9 uma vergonha que Palmas s\u00f3 tenha feito apenas 6 testes em um dia no Laborat\u00f3rio Municipal e s\u00f3 disponha \u2013 conforme divulgado por ela mesmo \u2013 de apenas 20 leitos de UTI para atendimento a pessoas [&hellip;]<\/p>\n","protected":false},"author":2,"featured_media":5832,"comment_status":"open","ping_status":"open","sticky":false,"template":"","format":"standard","meta":[],"categories":[8],"tags":[],"_links":{"self":[{"href":"https:\/\/dgospel.com.br\/portal\/index.php\/wp-json\/wp\/v2\/posts\/5831"}],"collection":[{"href":"https:\/\/dgospel.com.br\/portal\/index.php\/wp-json\/wp\/v2\/posts"}],"about":[{"href":"https:\/\/dgospel.com.br\/portal\/index.php\/wp-json\/wp\/v2\/types\/post"}],"author":[{"embeddable":true,"href":"https:\/\/dgospel.com.br\/portal\/index.php\/wp-json\/wp\/v2\/users\/2"}],"replies":[{"embeddable":true,"href":"https:\/\/dgospel.com.br\/portal\/index.php\/wp-json\/wp\/v2\/comments?post=5831"}],"version-history":[{"count":1,"href":"https:\/\/dgospel.com.br\/portal\/index.php\/wp-json\/wp\/v2\/posts\/5831\/revisions"}],"predecessor-version":[{"id":5833,"href":"https:\/\/dgospel.com.br\/portal\/index.php\/wp-json\/wp\/v2\/posts\/5831\/revisions\/5833"}],"wp:featuredmedia":[{"embeddable":true,"href":"https:\/\/dgospel.com.br\/portal\/index.php\/wp-json\/wp\/v2\/media\/5832"}],"wp:attachment":[{"href":"https:\/\/dgospel.com.br\/portal\/index.php\/wp-json\/wp\/v2\/media?parent=5831"}],"wp:term":[{"taxonomy":"category","embeddable":true,"href":"https:\/\/dgospel.com.br\/portal\/index.php\/wp-json\/wp\/v2\/categories?post=5831"},{"taxonomy":"post_tag","embeddable":true,"href":"https:\/\/dgospel.com.br\/portal\/index.php\/wp-json\/wp\/v2\/tags?post=5831"}],"curies":[{"name":"wp","href":"https:\/\/api.w.org\/{rel}","templated":true}]}}