{"id":5837,"date":"2020-06-03T11:19:50","date_gmt":"2020-06-03T14:19:50","guid":{"rendered":"http:\/\/dgospel.com.br\/portal\/?p=5837"},"modified":"2020-06-03T11:19:52","modified_gmt":"2020-06-03T14:19:52","slug":"igrejas-do-df-reabrem-nesta-quarta-feira-com-novas-medidas-contra-covid-19","status":"publish","type":"post","link":"https:\/\/dgospel.com.br\/portal\/index.php\/2020\/06\/03\/igrejas-do-df-reabrem-nesta-quarta-feira-com-novas-medidas-contra-covid-19\/","title":{"rendered":"Igrejas do DF reabrem nesta quarta-feira com novas medidas contra Covid-19"},"content":{"rendered":"\n<p>As igrejas e\nos templos do Distrito Federal,&nbsp;<a href=\"https:\/\/g1.globo.com\/df\/distrito-federal\/noticia\/2020\/03\/19\/ibaneis-decreta-fechamento-de-lojas-bares-restaurantes-e-proibe-cultos-e-missas-no-df-devido-ao-coronavirus.ghtml\">fechados\ndesde o dia 19 de mar\u00e7o<\/a>, v\u00e3o reabrir a partir desta quarta-feira\n(3). A retomada das atividades foi permitida por um&nbsp;<a href=\"https:\/\/g1.globo.com\/df\/distrito-federal\/noticia\/2020\/05\/30\/igrejas-e-parques-serao-reabertos-no-df-a-partir-de-quarta-feira-3.ghtml\">decreto\npublicado pelo governador Ibaneis Rocha&nbsp;<\/a>(MDB), no \u00faltimo s\u00e1bado\n(30).<\/p>\n\n\n\n<p>Para\nfuncionar, em meio \u00e0 pandemia do&nbsp;novo coronav\u00edrus, as atividades\nreligiosas dever\u00e3o seguir algumas regras:<\/p>\n\n\n\n<p>*Encontros\ndevem ser realizados em locais com capacidade para mais de 200 pessoas<\/p>\n\n\n\n<p>*Afastamento\nm\u00ednimo de 1,5 metro entre fi\u00e9is, com demarca\u00e7\u00e3o nos assentos<\/p>\n\n\n\n<p>*Alternar\nfileiras de cadeiras a serem ocupadas de outra com cadeiras desocupadas<\/p>\n\n\n\n<p>*Afixa\u00e7\u00e3o,\nem local vis\u00edvel, de placa com informa\u00e7\u00f5es quanto \u00e0 capacidade total do\nestabelecimento, metragem quadrada e quantidade m\u00e1xima de frequentadores\npermitida<\/p>\n\n\n\n<p>*Proibi\u00e7\u00e3o\ndo acesso de idosos com mais de 60 anos, crian\u00e7as com menos de 12 anos e\npessoas do grupo de risco<\/p>\n\n\n\n<p>*Na entrada,\ndeve haver produtos para higieniza\u00e7\u00e3o de m\u00e3os e cal\u00e7ados, preferencialmente\n\u00e1lcool em gel 70%<\/p>\n\n\n\n<p>*Uso\nobrigat\u00f3rio da m\u00e1scara de prote\u00e7\u00e3o<\/p>\n\n\n\n<p>*Medi\u00e7\u00e3o da\ntemperatura dos frequentadores na entrada do estabelecimento, com term\u00f4metro\ninfravermelho sem contato, sendo proibido o ingresso de quem apresentar mais de\n37,3\u00b0C<\/p>\n\n\n\n<p>O decreto\nprev\u00ea ainda aconselhamento individual \u2013 para evitar aglomera\u00e7\u00f5es \u2013 e uso dos\nmeios virtuais para reuni\u00f5es coletivas. Al\u00e9m disso, as celebra\u00e7\u00f5es presenciais\ndevem ocorrer com intervalos de, no m\u00ednimo, duas horas.<\/p>\n\n\n\n<p><strong>Igrejas Cat\u00f3licas<\/strong><\/p>\n\n\n\n<p>De acordo\ncom a Arquidiocese de Bras\u00edlia, o retorno das missas vai depender da decis\u00e3o de\ncada par\u00f3quia cat\u00f3lica do DF.<\/p>\n\n\n\n<p><strong>Igrejas Evang\u00e9licas<\/strong><\/p>\n\n\n\n<p>Segundo o\npresidente do Conselho dos Pastores Evang\u00e9licos Josimar Francisco, os cultos\nv\u00e3o retornar, a partir desta quarta-feira (3), em todo o DF, &#8220;mas seguindo\no protocolo determinado pelo governador Ibaneis&#8221;.<\/p>\n\n\n\n<p>&#8220;Vamos\nretomar apenas 30% dos cultos, apenas nos templos grandes.&#8221;<\/p>\n\n\n\n<p>O pastor disse ainda que os cultos ser\u00e3o mais r\u00e1pidos. &#8220;Antes durava cerca de 2h, agora ser\u00e1 de 1h ou 1h30&#8221;, afirmou.<\/p>\n\n\n\n<p>Fonte:  <strong>\u00a0G1 DF<\/strong> <\/p>\n","protected":false},"excerpt":{"rendered":"<p>As igrejas e os templos do Distrito Federal,&nbsp;fechados desde o dia 19 de mar\u00e7o, v\u00e3o reabrir a partir desta quarta-feira (3). A retomada das atividades foi permitida por um&nbsp;decreto publicado pelo governador Ibaneis Rocha&nbsp;(MDB), no \u00faltimo s\u00e1bado (30). Para funcionar, em meio \u00e0 pandemia do&nbsp;novo coronav\u00edrus, as atividades religiosas dever\u00e3o seguir algumas regras: *Encontros devem [&hellip;]<\/p>\n","protected":false},"author":2,"featured_media":5838,"comment_status":"open","ping_status":"open","sticky":false,"template":"","format":"standard","meta":[],"categories":[5,4],"tags":[],"_links":{"self":[{"href":"https:\/\/dgospel.com.br\/portal\/index.php\/wp-json\/wp\/v2\/posts\/5837"}],"collection":[{"href":"https:\/\/dgospel.com.br\/portal\/index.php\/wp-json\/wp\/v2\/posts"}],"about":[{"href":"https:\/\/dgospel.com.br\/portal\/index.php\/wp-json\/wp\/v2\/types\/post"}],"author":[{"embeddable":true,"href":"https:\/\/dgospel.com.br\/portal\/index.php\/wp-json\/wp\/v2\/users\/2"}],"replies":[{"embeddable":true,"href":"https:\/\/dgospel.com.br\/portal\/index.php\/wp-json\/wp\/v2\/comments?post=5837"}],"version-history":[{"count":1,"href":"https:\/\/dgospel.com.br\/portal\/index.php\/wp-json\/wp\/v2\/posts\/5837\/revisions"}],"predecessor-version":[{"id":5839,"href":"https:\/\/dgospel.com.br\/portal\/index.php\/wp-json\/wp\/v2\/posts\/5837\/revisions\/5839"}],"wp:featuredmedia":[{"embeddable":true,"href":"https:\/\/dgospel.com.br\/portal\/index.php\/wp-json\/wp\/v2\/media\/5838"}],"wp:attachment":[{"href":"https:\/\/dgospel.com.br\/portal\/index.php\/wp-json\/wp\/v2\/media?parent=5837"}],"wp:term":[{"taxonomy":"category","embeddable":true,"href":"https:\/\/dgospel.com.br\/portal\/index.php\/wp-json\/wp\/v2\/categories?post=5837"},{"taxonomy":"post_tag","embeddable":true,"href":"https:\/\/dgospel.com.br\/portal\/index.php\/wp-json\/wp\/v2\/tags?post=5837"}],"curies":[{"name":"wp","href":"https:\/\/api.w.org\/{rel}","templated":true}]}}