{"id":584,"date":"2018-06-19T10:39:14","date_gmt":"2018-06-19T13:39:14","guid":{"rendered":"http:\/\/dgospel.com.br\/portal\/?p=584"},"modified":"2018-06-19T10:39:14","modified_gmt":"2018-06-19T13:39:14","slug":"carlesse-se-diz-impedido-de-trabalhar-por-acao-de-politico-de-que-nao-tem-compromisso-com-o-to","status":"publish","type":"post","link":"https:\/\/dgospel.com.br\/portal\/index.php\/2018\/06\/19\/carlesse-se-diz-impedido-de-trabalhar-por-acao-de-politico-de-que-nao-tem-compromisso-com-o-to\/","title":{"rendered":"Carlesse se diz \u201cimpedido\u201d de trabalhar por a\u00e7\u00e3o de pol\u00edtico de que \u201cn\u00e3o tem compromisso com o TO\u201d"},"content":{"rendered":"<p>Candidato pela coliga\u00e7\u00e3o \u201cGoverno de Atitude\u201d, o governador interino Mauro Carlesse (PHS) cumpriu agenda neste fim de semana em munic\u00edpios da regi\u00e3o Sudeste do Tocantins e na Capital. No discurso, o atual gestor do Estado demonstrou confian\u00e7a na vit\u00f3ria no segundo turno e voltou a criticar o senador Vicentinho Alves (PR).<\/p>\n<p>\u201cPoder\u00edamos estar fazendo muito mais pelos munic\u00edpios, mesmo como governador interino, mas estamos impedidos no momento, por culpa de nosso advers\u00e1rio. S\u00f3 que esse atraso vai acabar no pr\u00f3ximo dia 24, com a nossa vit\u00f3ria consagradora\u201d, disse o governador interino.<\/p>\n<p>Carlesse foi recebido em Palmeir\u00f3polis pelo prefeito F\u00e1bio Vaz (PSD), pelo vice-prefeito Josemir Bastos (PSD), pelo presidente da C\u00e2mara, Willian de Souza (PT), e os vereadores Nilson Rodrigues (PSDB), Hildene Macedo (PSD), Divino Pereira (PSD), Fabio Gon\u00e7alves (PTN), Jamilton Guedes (PSD), Daniel Rosa (Democratas) e Nonato Ribeiro (PTB). Tamb\u00e9m marcaram presen\u00e7a o prefeito de Ja\u00fa, Onassys Costa (PSD), e os vereadores Arley Jos\u00e9 (PT), Osvaldo Mendes (PSC), Maria Soares (PSD) e Deusirene Neves (PSB).<\/p>\n<p>Em Paran\u00e3, uma grande carreata percorreu as ruas da cidade, e em reuni\u00e3o com os moradores o prefeito Fabr\u00edcio Viana (MDB) explicou porque apoia Carlesse, desde o primeiro turno. \u201cEu fui recebido pelo governador fora de pol\u00edtica e levei nossas reivindica\u00e7\u00f5es. Ele n\u00e3o me pediu apoio e mesmo assim acenou positivamente aos nossos pleitos. Foi o bastante para entendermos que o melhor para Paran\u00e3 e o Tocantins \u00e9 o Carlesse\u201d.<\/p>\n<p>Ainda em Paran\u00e3, Carlesse disse trabalhar para todos e que reiniciar\u00e1 as obras da regi\u00e3o sudeste, citando a\u00e7\u00f5es de combate \u00e0 seca, recupera\u00e7\u00e3o de estradas e outras iniciativas que beneficiar\u00e3o toda a comunidade. \u201cEstamos impedidos de realizar muita coisa, por conta de a\u00e7\u00f5es de pol\u00edticos de quem n\u00e3o tem compromisso com o Tocantins, mas a resposta ser\u00e1 dada pelos eleitores no dia 24\u201d, finalizou.<\/p>\n<p>Em visita a Arraias na tarde de s\u00e1bado, 16, o governador interino e candidato na elei\u00e7\u00e3o foi recebido pelo prefeito da cidade, Wagner Gentil, pelo ex-prefeito e ex-deputado estadual Cacildo Vasconcelos, vereadores e lideran\u00e7as locais. Na oportunidade, ele visitou a Exposi\u00e7\u00e3o Agropecu\u00e1ria e cumprimentou expositores, comerciantes e visitantes.<\/p>\n<p>Mauro Carlesse agradeceu o apoio e destacou seu compromisso com a regi\u00e3o sudeste. Um dos projetos de Carlesse \u00e9 o combate \u00e0 seca de maneira definitiva, escavando po\u00e7os artesianos tanto na sede dos munic\u00edpios quanto na zona rural. \u201cH\u00e1 30 anos que eles est\u00e3o prometendo acabar com a seca, mas eu quem vou fazer os po\u00e7os artesianos e isso vai acontecer logo. E com \u00e1gua e a nossa Unitins no sudeste, n\u00f3s vamos melhorar a vida das pessoas dessa regi\u00e3o\u201d, declarou Carlesse.<\/p>\n<p><strong>Na Capital<br \/>\n<\/strong>Mauro Carlesse voltou para Palmas no domingo, 17, e em visita \u00e0 Feira Coberta do Aureny I pela manh\u00e3, garantiu melhorias na oferta de servi\u00e7os p\u00fablicos do Estado sem onerar o contribuinte.<\/p>\n<p>\u201cOs tocantinenses merecem o respeito dos governantes, por isso precisamos fazer uma gest\u00e3o s\u00e9ria, que d\u00ea a cada um deles o orgulho por ser daqui. N\u00f3s faremos isso, melhorando a sa\u00fade, oferecendo uma educa\u00e7\u00e3o p\u00fablica de qualidade, sem precisar cobrar taxas e impostos abusivos para que eles possam trabalhar com dignidade\u201d, disse.<\/p>\n<h1><\/h1>\n","protected":false},"excerpt":{"rendered":"<p>Candidato pela coliga\u00e7\u00e3o \u201cGoverno de Atitude\u201d, o governador interino Mauro Carlesse (PHS) cumpriu agenda neste fim de semana em munic\u00edpios da regi\u00e3o Sudeste do Tocantins e na Capital. No discurso, o atual gestor do Estado demonstrou confian\u00e7a na vit\u00f3ria no segundo turno e voltou a criticar o senador Vicentinho Alves (PR). \u201cPoder\u00edamos estar fazendo muito [&hellip;]<\/p>\n","protected":false},"author":2,"featured_media":585,"comment_status":"open","ping_status":"open","sticky":false,"template":"","format":"standard","meta":[],"categories":[2,4],"tags":[],"_links":{"self":[{"href":"https:\/\/dgospel.com.br\/portal\/index.php\/wp-json\/wp\/v2\/posts\/584"}],"collection":[{"href":"https:\/\/dgospel.com.br\/portal\/index.php\/wp-json\/wp\/v2\/posts"}],"about":[{"href":"https:\/\/dgospel.com.br\/portal\/index.php\/wp-json\/wp\/v2\/types\/post"}],"author":[{"embeddable":true,"href":"https:\/\/dgospel.com.br\/portal\/index.php\/wp-json\/wp\/v2\/users\/2"}],"replies":[{"embeddable":true,"href":"https:\/\/dgospel.com.br\/portal\/index.php\/wp-json\/wp\/v2\/comments?post=584"}],"version-history":[{"count":1,"href":"https:\/\/dgospel.com.br\/portal\/index.php\/wp-json\/wp\/v2\/posts\/584\/revisions"}],"predecessor-version":[{"id":586,"href":"https:\/\/dgospel.com.br\/portal\/index.php\/wp-json\/wp\/v2\/posts\/584\/revisions\/586"}],"wp:featuredmedia":[{"embeddable":true,"href":"https:\/\/dgospel.com.br\/portal\/index.php\/wp-json\/wp\/v2\/media\/585"}],"wp:attachment":[{"href":"https:\/\/dgospel.com.br\/portal\/index.php\/wp-json\/wp\/v2\/media?parent=584"}],"wp:term":[{"taxonomy":"category","embeddable":true,"href":"https:\/\/dgospel.com.br\/portal\/index.php\/wp-json\/wp\/v2\/categories?post=584"},{"taxonomy":"post_tag","embeddable":true,"href":"https:\/\/dgospel.com.br\/portal\/index.php\/wp-json\/wp\/v2\/tags?post=584"}],"curies":[{"name":"wp","href":"https:\/\/api.w.org\/{rel}","templated":true}]}}