{"id":5840,"date":"2020-06-03T12:00:45","date_gmt":"2020-06-03T15:00:45","guid":{"rendered":"http:\/\/dgospel.com.br\/portal\/?p=5840"},"modified":"2020-06-03T12:00:47","modified_gmt":"2020-06-03T15:00:47","slug":"igrejas-evangelicas-sao-reabertas-na-italia-epicentro-do-coronavirus-na-europa","status":"publish","type":"post","link":"https:\/\/dgospel.com.br\/portal\/index.php\/2020\/06\/03\/igrejas-evangelicas-sao-reabertas-na-italia-epicentro-do-coronavirus-na-europa\/","title":{"rendered":"Igrejas evang\u00e9licas s\u00e3o reabertas na It\u00e1lia, epicentro do coronav\u00edrus na Europa"},"content":{"rendered":"\n<p>Igrejas evang\u00e9licas foram autorizadas pelo governo da&nbsp;<a href=\"https:\/\/guiame.com.br\/gospel\/missoes-acao-social\/italia-amplia-quarentena-por-coronavirus-e-missionario-pede-oracoes-pelo-pais.html\"><strong>It\u00e1lia<\/strong><\/a>&nbsp;a reabrir seus locais de culto. O primeiro domingo de reabertura foi em 24 de maio, mas muitas denomina\u00e7\u00f5es decidiram esperar mais uma semana.<\/p>\n\n\n\n<p>A Alian\u00e7a Evang\u00e9lica Italiana (AEI) destacou que a maioria das pessoas t\u00eam expressado gratid\u00e3o a Deus por se reunir novamente, mesmo seguindo restri\u00e7\u00f5es para evitar a propaga\u00e7\u00e3o do novo coronav\u00edrus, como evitar contato f\u00edsico e uso cont\u00ednuo de m\u00e1scaras.<\/p>\n\n\n\n<p>A It\u00e1lia foi o primeiro pa\u00eds europeu a ser&nbsp;<a href=\"https:\/\/guiame.com.br\/gospel\/noticias\/italia-tem-recorde-de-pacientes-curados-e-preve-fim-da-pior-fase-do-covid-19.html\"><strong>atingido pelo coronav\u00edrus<\/strong><\/a>&nbsp;e contabilizou oficialmente mais de 33.500 mortes, n\u00famero inferior apenas aos registrados nos EUA e no Reino Unido, e pouco superior ao reportado no Brasil.<\/p>\n\n\n\n<p>\u201cAp\u00f3s cerca de tr\u00eas meses de confinamento, podemos finalmente nos reunir com todos os irm\u00e3os e irm\u00e3s\u201d, disse Anna Pellerito, da igreja Sorgente di Vita em Sesto San Giovanni, na regi\u00e3o da Lombardia, prov\u00edncia de Mil\u00e3o. \u201cApesar da tecnologia n\u00e3o deixar faltar oportunidades para manter contato, sabemos que n\u00e3o \u00e9 a mesma coisa\u201d.<\/p>\n\n\n\n<p>A Elim Source of Life, assim como outras igrejas na It\u00e1lia, adotou o m\u00e9todo de reservas \u2014 os membros podem verificar no site o n\u00famero de lugares dispon\u00edveis no templo, evitando assim a aglomera\u00e7\u00e3o.<\/p>\n\n\n\n<p>\u201cAssim que o culto come\u00e7ou, a emo\u00e7\u00e3o foi muito grande. N\u00e3o conseguimos segurar as l\u00e1grimas; finalmente poder\u00edamos louvar o Senhor juntos\u201d, conta Pellerito.<\/p>\n\n\n\n<p>Lidia Mesolella, da Igreja Apost\u00f3lica de San Nicola La Strada, em Caserta, disse foi dif\u00edcil se adaptar a um novo estilo de reuni\u00e3o por causa das restri\u00e7\u00f5es.<\/p>\n\n\n\n<p>\u201cCantar com a m\u00e1scara, as mudan\u00e7as que o grupo de louvor precisa fazer&#8230; Tudo \u00e9 bastante artificial, uma situa\u00e7\u00e3o que n\u00e3o \u00e9 natural, na qual o povo de Deus deve renunciar aos elementos que os tornam especiais e atraentes, como o contato fraterno ou a adora\u00e7\u00e3o espont\u00e2nea\u201d, avalia.<\/p>\n\n\n\n<p>Segundo Mesolella, \u201co primeiro encontro foi como um homem sedento que finalmente consegue tomar um gole d&#8217;\u00e1gua\u201d. J\u00e1 no segundo, houve um \u201csentimento de des\u00e2nimo, e n\u00e3o estamos t\u00e3o dispostos a nos adaptar a padr\u00f5es t\u00e3o r\u00edgidos, mesmo naqueles momentos em que se espera que finalmente haja liberdade na presen\u00e7a do Senhor\u201d.<\/p>\n\n\n\n<p>Para Rita Macr\u00ec, da Igreja Apost\u00f3lica de Grosseto, retornar \u00e0 igreja e ver todos seus irm\u00e3os foi algo \u00fanico. \u201cParec\u00edamos peregrinos dispersos retornando \u00e0 comunh\u00e3o. A emo\u00e7\u00e3o conseguiu superar o obst\u00e1culo do procedimento de entrada no local de culto\u201d, disse.<\/p>\n\n\n\n<p>Nina Fiore Schaafsma, da igreja Punto Luce em San Giuliano Milanese, diz que a lideran\u00e7a est\u00e1 ciente dos riscos que ainda existem na regi\u00e3o da Lombardia. Por isso, eles n\u00e3o se descuidaram. \u201cDe certa forma, foi f\u00e1cil cumprir as regras, acabamos nos acostumando \u00e0 dist\u00e2ncias, m\u00e1scaras e medi\u00e7\u00f5es de temperatura\u201d, disse Schaafsma.<\/p>\n\n\n\n<p>\u201cTudo isso nos leva a expressar grande gratid\u00e3o a Deus, a reconhecer mais uma vez que pertencer ao corpo de Cristo \u00e9 uma grande b\u00ean\u00e7\u00e3o. Sabemos que o Senhor est\u00e1 conosco e \u00e9 soberano. J\u00e1 vimos muita morte, mas tamb\u00e9m muitas pessoas vindo ao Senhor\u201d, destaca.<\/p>\n\n\n\n<p>\n\nFONTE: GUIAME, COM INFORMA\u00c7\u00d5ES DO EVANGELICAL FOCUS\n\n<\/p>\n","protected":false},"excerpt":{"rendered":"<p>Igrejas evang\u00e9licas foram autorizadas pelo governo da&nbsp;It\u00e1lia&nbsp;a reabrir seus locais de culto. O primeiro domingo de reabertura foi em 24 de maio, mas muitas denomina\u00e7\u00f5es decidiram esperar mais uma semana. A Alian\u00e7a Evang\u00e9lica Italiana (AEI) destacou que a maioria das pessoas t\u00eam expressado gratid\u00e3o a Deus por se reunir novamente, mesmo seguindo restri\u00e7\u00f5es para evitar [&hellip;]<\/p>\n","protected":false},"author":2,"featured_media":5841,"comment_status":"open","ping_status":"open","sticky":false,"template":"","format":"standard","meta":[],"categories":[5,1],"tags":[],"_links":{"self":[{"href":"https:\/\/dgospel.com.br\/portal\/index.php\/wp-json\/wp\/v2\/posts\/5840"}],"collection":[{"href":"https:\/\/dgospel.com.br\/portal\/index.php\/wp-json\/wp\/v2\/posts"}],"about":[{"href":"https:\/\/dgospel.com.br\/portal\/index.php\/wp-json\/wp\/v2\/types\/post"}],"author":[{"embeddable":true,"href":"https:\/\/dgospel.com.br\/portal\/index.php\/wp-json\/wp\/v2\/users\/2"}],"replies":[{"embeddable":true,"href":"https:\/\/dgospel.com.br\/portal\/index.php\/wp-json\/wp\/v2\/comments?post=5840"}],"version-history":[{"count":1,"href":"https:\/\/dgospel.com.br\/portal\/index.php\/wp-json\/wp\/v2\/posts\/5840\/revisions"}],"predecessor-version":[{"id":5842,"href":"https:\/\/dgospel.com.br\/portal\/index.php\/wp-json\/wp\/v2\/posts\/5840\/revisions\/5842"}],"wp:featuredmedia":[{"embeddable":true,"href":"https:\/\/dgospel.com.br\/portal\/index.php\/wp-json\/wp\/v2\/media\/5841"}],"wp:attachment":[{"href":"https:\/\/dgospel.com.br\/portal\/index.php\/wp-json\/wp\/v2\/media?parent=5840"}],"wp:term":[{"taxonomy":"category","embeddable":true,"href":"https:\/\/dgospel.com.br\/portal\/index.php\/wp-json\/wp\/v2\/categories?post=5840"},{"taxonomy":"post_tag","embeddable":true,"href":"https:\/\/dgospel.com.br\/portal\/index.php\/wp-json\/wp\/v2\/tags?post=5840"}],"curies":[{"name":"wp","href":"https:\/\/api.w.org\/{rel}","templated":true}]}}