{"id":5843,"date":"2020-06-03T12:32:38","date_gmt":"2020-06-03T15:32:38","guid":{"rendered":"http:\/\/dgospel.com.br\/portal\/?p=5843"},"modified":"2020-06-03T12:32:39","modified_gmt":"2020-06-03T15:32:39","slug":"pastor-wesley-vaz-fala-sobre-momento-de-preconceito-que-o-mundo-esta-vivendo","status":"publish","type":"post","link":"https:\/\/dgospel.com.br\/portal\/index.php\/2020\/06\/03\/pastor-wesley-vaz-fala-sobre-momento-de-preconceito-que-o-mundo-esta-vivendo\/","title":{"rendered":"Pastor Wesley Vaz fala sobre momento de preconceito que o mundo est\u00e1 vivendo"},"content":{"rendered":"\n<p>O mundo tem enfrentado\ndiversos problemas que n\u00e3o apenas o COVID-19, mas tamb\u00e9m a crise social em que\nvivemos a s\u00e9culos. Muitos imaginam que os conservadores s\u00e3o homof\u00f3bicos, racistas\ne contra as minorias. Por\u00e9m, por meio de suas redes sociais e atrav\u00e9s de\nentrevista, o pastor tocantinense Wesley Vaz, da Assembleia de Deus Bel\u00e9m\nMinist\u00e9rio de Limeira \u2013 SP, contesta essa situa\u00e7\u00e3o e defende que precisamos de\nuni\u00e3o e n\u00e3o de divis\u00e3o em meio a este momento que estamos passando. <\/p>\n\n\n\n<p>\u201cA palavra de Deus nos traz a\nsolu\u00e7\u00e3o para acabar com o preconceito, para que as pessoas possam entender que\nsomos diferentes fisicamente, mas por dentro somos todos iguais. A palavra de\nDeus enfatiza em G\u00e1latas 3:28 que \u2018n\u00e3o h\u00e1 judeu nem grego, escravo nem\nlivre, homem nem mulher; pois todos s\u00e3o um em Cristo Jesus\u2019. Com essa\nreflex\u00e3o podemos entender que somos a imagem do nosso Criador e, mais ainda, somos\ntemplo do Esp\u00edrito. E onde h\u00e1 amor n\u00e3o pode habitar o \u00f3dio\u201d, pontuou o pastor.<\/p>\n\n\n\n<p>Muitos est\u00e3o levantando a\nbandeira de como acabar com o racismo e a desigualdade, por\u00e9m, n\u00e3o exploram a\nsolu\u00e7\u00e3o, que \u00e9 Cristo Jesus, pois ele aceitava as pessoas como elas eram e n\u00e3o\nas jugava, e sim levava uma mensagem de paz e vida eterna. Devemos seguir os\npassos do Mestre, essa \u00e9 a solu\u00e7\u00e3o que todos n\u00f3s precisamos. N\u00e3o adiantar\u00e3o\nprotestos, frases e movimenta\u00e7\u00f5es sem antes mudar o nosso pensamento e nossas\natitudes; independentemente de sermos crist\u00e3os ou n\u00e3o, somos todos criaturas de\nDeus e aos olhos de Deus somos todos iguais. <\/p>\n","protected":false},"excerpt":{"rendered":"<p>O mundo tem enfrentado diversos problemas que n\u00e3o apenas o COVID-19, mas tamb\u00e9m a crise social em que vivemos a s\u00e9culos. Muitos imaginam que os conservadores s\u00e3o homof\u00f3bicos, racistas e contra as minorias. Por\u00e9m, por meio de suas redes sociais e atrav\u00e9s de entrevista, o pastor tocantinense Wesley Vaz, da Assembleia de Deus Bel\u00e9m Minist\u00e9rio [&hellip;]<\/p>\n","protected":false},"author":2,"featured_media":5844,"comment_status":"open","ping_status":"open","sticky":false,"template":"","format":"standard","meta":[],"categories":[5],"tags":[],"_links":{"self":[{"href":"https:\/\/dgospel.com.br\/portal\/index.php\/wp-json\/wp\/v2\/posts\/5843"}],"collection":[{"href":"https:\/\/dgospel.com.br\/portal\/index.php\/wp-json\/wp\/v2\/posts"}],"about":[{"href":"https:\/\/dgospel.com.br\/portal\/index.php\/wp-json\/wp\/v2\/types\/post"}],"author":[{"embeddable":true,"href":"https:\/\/dgospel.com.br\/portal\/index.php\/wp-json\/wp\/v2\/users\/2"}],"replies":[{"embeddable":true,"href":"https:\/\/dgospel.com.br\/portal\/index.php\/wp-json\/wp\/v2\/comments?post=5843"}],"version-history":[{"count":1,"href":"https:\/\/dgospel.com.br\/portal\/index.php\/wp-json\/wp\/v2\/posts\/5843\/revisions"}],"predecessor-version":[{"id":5845,"href":"https:\/\/dgospel.com.br\/portal\/index.php\/wp-json\/wp\/v2\/posts\/5843\/revisions\/5845"}],"wp:featuredmedia":[{"embeddable":true,"href":"https:\/\/dgospel.com.br\/portal\/index.php\/wp-json\/wp\/v2\/media\/5844"}],"wp:attachment":[{"href":"https:\/\/dgospel.com.br\/portal\/index.php\/wp-json\/wp\/v2\/media?parent=5843"}],"wp:term":[{"taxonomy":"category","embeddable":true,"href":"https:\/\/dgospel.com.br\/portal\/index.php\/wp-json\/wp\/v2\/categories?post=5843"},{"taxonomy":"post_tag","embeddable":true,"href":"https:\/\/dgospel.com.br\/portal\/index.php\/wp-json\/wp\/v2\/tags?post=5843"}],"curies":[{"name":"wp","href":"https:\/\/api.w.org\/{rel}","templated":true}]}}