{"id":5855,"date":"2020-06-03T19:53:26","date_gmt":"2020-06-03T22:53:26","guid":{"rendered":"http:\/\/dgospel.com.br\/portal\/?p=5855"},"modified":"2020-06-03T19:53:27","modified_gmt":"2020-06-03T22:53:27","slug":"jair-bolsonaro-quer-estender-auxilio-por-mais-tres-meses","status":"publish","type":"post","link":"https:\/\/dgospel.com.br\/portal\/index.php\/2020\/06\/03\/jair-bolsonaro-quer-estender-auxilio-por-mais-tres-meses\/","title":{"rendered":"Jair Bolsonaro quer estender aux\u00edlio por mais tr\u00eas meses"},"content":{"rendered":"\n<p>O presidente Jair Bolsonaro deseja estender o aux\u00edlio emergencial de R$ 600 por mais tr\u00eas meses como forma de evitar uma crise ainda maior devido \u00e0 pandemia do coronav\u00edrus. Ele criticou mais uma vez governadores, prefeitos e o Supremo Tribunal Federal (STF) ao afirmar que muitos estariam passando fome se n\u00e3o fosse a ajuda do governo.<\/p>\n\n\n\n<p>\u2013 Temos mais uma parcela de R$ 600, depois mais duas acertadas com o Paulo Guedes. Falta definir a\u00ed o montante. E vamos esperar que at\u00e9 l\u00e1 os outros governadores entendam o que seja melhor para o seu estado e adotem medidas para voltar a\u00ed o povo a trabalhar.<\/p>\n\n\n\n<p>Bolsonaro disse que com a crise \u201co pobre est\u00e1 ficando miser\u00e1vel e a classe m\u00e9dia est\u00e1 ficando pobre\u201d. Ele reclamou que n\u00e3o faltam problemas a serem resolvidos diante dessa situa\u00e7\u00e3o do pa\u00eds.<\/p>\n\n\n\n<p>\u2013 Estamos fazendo o poss\u00edvel. Se n\u00e3o fossem os R$ 600, o Brasil j\u00e1 tinha entrado em crise j\u00e1. Eu penso que os 38 milh\u00f5es de informais n\u00e3o teriam o que comer mais. Agora, \u00e9 dif\u00edcil falar isso a\u00ed. O povo a\u00ed vai se conscientizando do que est\u00e1 acontecendo no Brasil.<\/p>\n\n\n\n<p>O aux\u00edlio emergencial de R$ 600 foi aprovado pelo Congresso no dia 1\u00ba de abril. Trabalhadores informais, desempregados, MEIs e contribuintes individuais do INSS, maiores de idade e pessoas que cumpram requisitos de renda m\u00e9dia podem receber o benef\u00edcio. J\u00e1 as mulheres que forem m\u00e3es e chefes de fam\u00edlia podem receber R$ 1.200 por m\u00eas.<\/p>\n","protected":false},"excerpt":{"rendered":"<p>O presidente Jair Bolsonaro deseja estender o aux\u00edlio emergencial de R$ 600 por mais tr\u00eas meses como forma de evitar uma crise ainda maior devido \u00e0 pandemia do coronav\u00edrus. Ele criticou mais uma vez governadores, prefeitos e o Supremo Tribunal Federal (STF) ao afirmar que muitos estariam passando fome se n\u00e3o fosse a ajuda do [&hellip;]<\/p>\n","protected":false},"author":2,"featured_media":5856,"comment_status":"open","ping_status":"open","sticky":false,"template":"","format":"standard","meta":[],"categories":[10,4],"tags":[],"_links":{"self":[{"href":"https:\/\/dgospel.com.br\/portal\/index.php\/wp-json\/wp\/v2\/posts\/5855"}],"collection":[{"href":"https:\/\/dgospel.com.br\/portal\/index.php\/wp-json\/wp\/v2\/posts"}],"about":[{"href":"https:\/\/dgospel.com.br\/portal\/index.php\/wp-json\/wp\/v2\/types\/post"}],"author":[{"embeddable":true,"href":"https:\/\/dgospel.com.br\/portal\/index.php\/wp-json\/wp\/v2\/users\/2"}],"replies":[{"embeddable":true,"href":"https:\/\/dgospel.com.br\/portal\/index.php\/wp-json\/wp\/v2\/comments?post=5855"}],"version-history":[{"count":1,"href":"https:\/\/dgospel.com.br\/portal\/index.php\/wp-json\/wp\/v2\/posts\/5855\/revisions"}],"predecessor-version":[{"id":5857,"href":"https:\/\/dgospel.com.br\/portal\/index.php\/wp-json\/wp\/v2\/posts\/5855\/revisions\/5857"}],"wp:featuredmedia":[{"embeddable":true,"href":"https:\/\/dgospel.com.br\/portal\/index.php\/wp-json\/wp\/v2\/media\/5856"}],"wp:attachment":[{"href":"https:\/\/dgospel.com.br\/portal\/index.php\/wp-json\/wp\/v2\/media?parent=5855"}],"wp:term":[{"taxonomy":"category","embeddable":true,"href":"https:\/\/dgospel.com.br\/portal\/index.php\/wp-json\/wp\/v2\/categories?post=5855"},{"taxonomy":"post_tag","embeddable":true,"href":"https:\/\/dgospel.com.br\/portal\/index.php\/wp-json\/wp\/v2\/tags?post=5855"}],"curies":[{"name":"wp","href":"https:\/\/api.w.org\/{rel}","templated":true}]}}