{"id":5861,"date":"2020-06-03T21:19:25","date_gmt":"2020-06-04T00:19:25","guid":{"rendered":"http:\/\/dgospel.com.br\/portal\/?p=5861"},"modified":"2020-06-03T21:25:16","modified_gmt":"2020-06-04T00:25:16","slug":"igreja-cresce-e-floresce-em-meio-a-perseguicao","status":"publish","type":"post","link":"https:\/\/dgospel.com.br\/portal\/index.php\/2020\/06\/03\/igreja-cresce-e-floresce-em-meio-a-perseguicao\/","title":{"rendered":"Igreja cresce e floresce em meio \u00e0 persegui\u00e7\u00e3o"},"content":{"rendered":"\n<h3><strong><em>Apesar de toda press\u00e3o aos crist\u00e3os no Norte da \u00c1frica, a igreja tem expandido rapidamente na regi\u00e3o<\/em><\/strong><\/h3>\n\n\n\n<p>Como em muitos pa\u00edses de maioria mu\u00e7ulmana, crist\u00e3os no Norte da \u00c1frica enfrentam persegui\u00e7\u00e3o.&nbsp;<em>\u201cIgrejas t\u00eam sido fechadas recentemente na&nbsp;<a href=\"https:\/\/www.portasabertas.org.br\/lista-mundial-da-perseguicao\/argelia\" target=\"_blank\" rel=\"noreferrer noopener\">Arg\u00e9lia<\/a>. Mas eu diria que a persegui\u00e7\u00e3o nunca \u00e9 fatal para a igreja, pelo contr\u00e1rio, ela \u00e9 uma b\u00ean\u00e7\u00e3o. A igreja cresce e floresce gra\u00e7as \u00e0 persegui\u00e7\u00e3o. Jesus fala sobre isso na B\u00edblia. \u2018Bem-aventurados aqueles que s\u00e3o perseguidos. Alegrem-se quando forem perseguidos, pois da mesma forma perseguiram os profetas\u2019. Eu celebro porque a igreja est\u00e1 saud\u00e1vel e florescendo. Eu me alegro porque milhares de pessoas oram ao Senhor e os n\u00fameros s\u00e3o grandes em todos os lugares. A igreja se expande e milhares de pessoas se convertem ao cristianismo. Eu estou muito feliz com o agir de Deus. Mas, \u00e9 claro, sei que a persegui\u00e7\u00e3o pode causar danos a mim ou a minha fam\u00edlia\u201d<\/em>, compartilha&nbsp;<a href=\"https:\/\/www.portasabertas.org.br\/noticias\/cristaos-perseguidos\/sem-discipulado-a-igreja-nao-sobreviveria\" target=\"_blank\" rel=\"noreferrer noopener\">Kabil*, l\u00edder de um projeto de discipulado na regi\u00e3o<\/a>.<\/p>\n\n\n\n<p>Sobre o fechamento de igrejas na Arg\u00e9lia, ele afirma que h\u00e1 pessoas que se encontram do lado de fora dos pr\u00e9dios desde que as igrejas foram fechadas. Segundo Kabil, precisamos ver o que est\u00e1 por tr\u00e1s disso: \u201cIsso \u00e9 a m\u00e3o do Senhor\u201d. O objetivo: a salva\u00e7\u00e3o do Norte da \u00c1frica.&nbsp;<em>\u201cDe acordo com Salmos 126.6: \u2018Aquele que sai chorando enquanto lan\u00e7a a semente, voltar\u00e1 com cantos de alegria\u2019. Um dia, vamos levar o evangelho para todos os pa\u00edses ao nosso redor. O Senhor se alegrar\u00e1 ao ver pessoas despertando no Norte da \u00c1frica\u201d<\/em>, diz.<\/p>\n\n\n\n<p>De acordo com o crist\u00e3o,&nbsp;<em>\u201catualmente por conta das prega\u00e7\u00f5es em quase todos os lugares, o Senhor tem se tornado um assunto di\u00e1rio nas vilas, casas e at\u00e9 mesmo nos governos. Na&nbsp;<a href=\"https:\/\/www.portasabertas.org.br\/lista-mundial-da-perseguicao\/tunisia\" target=\"_blank\" rel=\"noreferrer noopener\">Tun\u00edsia<\/a>, os crist\u00e3os usam as m\u00eddias. Eles podem assistir canais de TV e ouvir programas de r\u00e1dio crist\u00e3os. Tamb\u00e9m podem se conectar pelo Facebook, por exemplo\u201d<\/em>, explica. Apesar disso, o islamismo est\u00e1 presente em todos os lugares no Norte da \u00c1frica h\u00e1 quase 14 s\u00e9culos. Est\u00e1 presente nas casas, na cultura, nas leis, na Constitui\u00e7\u00e3o e na educa\u00e7\u00e3o. Cada cidade ou vila tem uma ou mais mesquitas. Os governos investem muito no islamismo. Mas, atualmente, o cristianismo tem crescido mais r\u00e1pido do que nesses 14 s\u00e9culos.<\/p>\n\n\n\n<p><em>\u201cEu nasci em um pa\u00eds isl\u00e2mico e, como todos os outros, eu praticativa o islamismo em uma mesquita, porque era parte de nossa cultura. Estudei o islamismo e encontrei pessoas praticando-o. Mas minha fam\u00edla n\u00e3o era muito religiosa. Eu orei por um per\u00edodo, fiz jejum, mas em certo ponto, quando fiquei mais velho, comecei a buscar\u201d<\/em>, revela. Kabil ficou intrigado porque as pessoas oravam e n\u00e3o recebiam resposta \u00e0s ora\u00e7\u00f5es. Ele tamb\u00e9m tinha d\u00favidas ao ver o que os mu\u00e7ulmanos faziam em nome do isl\u00e3. Por isso, passou a levar a vida como uma pessoa n\u00e3o religiosa.<\/p>\n\n\n\n<p><em>\u201cPerder minha m\u00e3e ou minha vida? Nada pode se comparar \u00e0 vida dada por Jesus. Eu n\u00e3o posso comparar nada ao que Jesus fez por mim. Agrade\u00e7o a Deus pelo que fez por mim. Tenho visto milagres e sou aben\u00e7oado em minha fam\u00edlia e casamento. Minha m\u00e3e continua minha m\u00e3e, eu a amo e oro por ela todos os dias para que seja tocada pelo Senhor. Sei que um dia o Senhor tocar\u00e1 minha m\u00e3e e compartilharemos a alegria do Senhor juntos\u201d<\/em>, completa.<\/p>\n\n\n\n<p>A edi\u00e7\u00e3o deste m\u00eas da Revista Portas Abertas mostra mais do que \u00e9 ser um crist\u00e3o ex-mu\u00e7ulmano no Norte da \u00c1frica.&nbsp;<a href=\"https:\/\/www.portasabertas.org.br\/como-se-envolver\/receba-a-revista-portas-abertas\" target=\"_blank\" rel=\"noreferrer noopener\">Acesse o site para receber a revista<\/a>&nbsp;e saber mais sobre a persegui\u00e7\u00e3o a crist\u00e3os no mundo.<\/p>\n\n\n\n<p><em>*Nome alterado por motivo de seguran\u00e7a.<\/em><\/p>\n","protected":false},"excerpt":{"rendered":"<p>Apesar de toda press\u00e3o aos crist\u00e3os no Norte da \u00c1frica, a igreja tem expandido rapidamente na regi\u00e3o Como em muitos pa\u00edses de maioria mu\u00e7ulmana, crist\u00e3os no Norte da \u00c1frica enfrentam persegui\u00e7\u00e3o.&nbsp;\u201cIgrejas t\u00eam sido fechadas recentemente na&nbsp;Arg\u00e9lia. Mas eu diria que a persegui\u00e7\u00e3o nunca \u00e9 fatal para a igreja, pelo contr\u00e1rio, ela \u00e9 uma b\u00ean\u00e7\u00e3o. A [&hellip;]<\/p>\n","protected":false},"author":2,"featured_media":5862,"comment_status":"open","ping_status":"open","sticky":false,"template":"","format":"standard","meta":[],"categories":[12,5,1],"tags":[],"_links":{"self":[{"href":"https:\/\/dgospel.com.br\/portal\/index.php\/wp-json\/wp\/v2\/posts\/5861"}],"collection":[{"href":"https:\/\/dgospel.com.br\/portal\/index.php\/wp-json\/wp\/v2\/posts"}],"about":[{"href":"https:\/\/dgospel.com.br\/portal\/index.php\/wp-json\/wp\/v2\/types\/post"}],"author":[{"embeddable":true,"href":"https:\/\/dgospel.com.br\/portal\/index.php\/wp-json\/wp\/v2\/users\/2"}],"replies":[{"embeddable":true,"href":"https:\/\/dgospel.com.br\/portal\/index.php\/wp-json\/wp\/v2\/comments?post=5861"}],"version-history":[{"count":1,"href":"https:\/\/dgospel.com.br\/portal\/index.php\/wp-json\/wp\/v2\/posts\/5861\/revisions"}],"predecessor-version":[{"id":5863,"href":"https:\/\/dgospel.com.br\/portal\/index.php\/wp-json\/wp\/v2\/posts\/5861\/revisions\/5863"}],"wp:featuredmedia":[{"embeddable":true,"href":"https:\/\/dgospel.com.br\/portal\/index.php\/wp-json\/wp\/v2\/media\/5862"}],"wp:attachment":[{"href":"https:\/\/dgospel.com.br\/portal\/index.php\/wp-json\/wp\/v2\/media?parent=5861"}],"wp:term":[{"taxonomy":"category","embeddable":true,"href":"https:\/\/dgospel.com.br\/portal\/index.php\/wp-json\/wp\/v2\/categories?post=5861"},{"taxonomy":"post_tag","embeddable":true,"href":"https:\/\/dgospel.com.br\/portal\/index.php\/wp-json\/wp\/v2\/tags?post=5861"}],"curies":[{"name":"wp","href":"https:\/\/api.w.org\/{rel}","templated":true}]}}